{"id":9856,"date":"2026-03-02T22:29:27","date_gmt":"2026-03-02T17:29:27","guid":{"rendered":"https:\/\/aml-ci.com\/?p=9856"},"modified":"2026-03-02T22:32:35","modified_gmt":"2026-03-02T17:32:35","slug":"immaf-cinq-athletes-ivoiriens-a-luanda","status":"publish","type":"post","link":"https:\/\/aml-ci.com\/en\/immaf-cinq-athletes-ivoiriens-a-luanda\/","title":{"rendered":"IMMAF : Cinq athl\u00e8tes ivoiriens \u00e0 Luanda"},"content":{"rendered":"<div data-elementor-type=\"wp-post\" data-elementor-id=\"9856\" class=\"elementor elementor-9856\">\n\t\t\t\t\t\t<section class=\"elementor-section elementor-top-section elementor-element elementor-element-3c1005d elementor-section-boxed elementor-section-height-default elementor-section-height-default\" data-id=\"3c1005d\" data-element_type=\"section\" data-e-type=\"section\">\n\t\t\t\t\t\t<div class=\"elementor-container elementor-column-gap-default\">\n\t\t\t\t\t<div class=\"elementor-column elementor-col-100 elementor-top-column elementor-element elementor-element-d98187a\" data-id=\"d98187a\" data-element_type=\"column\" data-e-type=\"column\">\n\t\t\t<div class=\"elementor-widget-wrap elementor-element-populated\">\n\t\t\t\t\t\t<div class=\"elementor-element elementor-element-1ffd16f dce_masking-none elementor-widget elementor-widget-image\" data-id=\"1ffd16f\" data-element_type=\"widget\" data-e-type=\"widget\" data-widget_type=\"image.default\">\n\t\t\t\t<div class=\"elementor-widget-container\">\n\t\t\t\t\t\t\t\t\t\t\t\t\t\t\t<img fetchpriority=\"high\" decoding=\"async\" width=\"650\" height=\"415\" src=\"https:\/\/aml-ci.com\/wp-content\/uploads\/2026\/03\/FGD.jpg\" class=\"attachment-large size-large wp-image-9857\" alt=\"\" srcset=\"https:\/\/aml-ci.com\/wp-content\/uploads\/2026\/03\/FGD.jpg 650w, https:\/\/aml-ci.com\/wp-content\/uploads\/2026\/03\/FGD-18x12.jpg 18w\" sizes=\"(max-width: 650px) 100vw, 650px\" \/>\t\t\t\t\t\t\t\t\t\t\t\t\t\t\t<\/div>\n\t\t\t\t<\/div>\n\t\t\t\t\t<\/div>\n\t\t<\/div>\n\t\t\t\t\t<\/div>\n\t\t<\/section>\n\t\t\t\t<section class=\"elementor-section elementor-top-section elementor-element elementor-element-6b1617d elementor-section-boxed elementor-section-height-default elementor-section-height-default\" data-id=\"6b1617d\" data-element_type=\"section\" data-e-type=\"section\">\n\t\t\t\t\t\t<div class=\"elementor-container elementor-column-gap-default\">\n\t\t\t\t\t<div class=\"elementor-column elementor-col-100 elementor-top-column elementor-element elementor-element-e464567\" data-id=\"e464567\" data-element_type=\"column\" data-e-type=\"column\">\n\t\t\t<div class=\"elementor-widget-wrap elementor-element-populated\">\n\t\t\t\t\t\t<div class=\"elementor-element elementor-element-1111e44 elementor-widget elementor-widget-text-editor\" data-id=\"1111e44\" data-element_type=\"widget\" data-e-type=\"widget\" data-widget_type=\"text-editor.default\">\n\t\t\t\t<div class=\"elementor-widget-container\">\n\t\t\t\t\t\t\t\t\t<p>Cinq athl\u00e8tes ivoiriens ont \u00e9t\u00e9 s\u00e9lectionn\u00e9s pour repr\u00e9senter la C\u00f4te d\u2019Ivoire au Championnat d\u2019Afrique 2026 de l\u2019International Mixed Martial Arts Federation (IMMAF), pr\u00e9vu du 13 au 19 avril \u00e0 Luanda, en Angola.<\/p><p><a href=\"https:\/\/www.sport-ivoire.ci\/autres-sports-arts-martiaux\/immaf-cinq-athl%C3%A8tes-ivoiriens-%C3%A0-luanda\">https:\/\/www.sport-ivoire.ci\/autres-sports-arts-martiaux\/immaf-cinq-athl%C3%A8tes-ivoiriens-%C3%A0-luanda<\/a><\/p>\t\t\t\t\t\t\t\t<\/div>\n\t\t\t\t<\/div>\n\t\t\t\t\t<\/div>\n\t\t<\/div>\n\t\t\t\t\t<\/div>\n\t\t<\/section>\n\t\t\t\t<\/div>","protected":false},"excerpt":{"rendered":"<p>Cinq athl\u00e8tes ivoiriens ont \u00e9t\u00e9 s\u00e9lectionn\u00e9s pour repr\u00e9senter la C\u00f4te d\u2019Ivoire au Championnat d\u2019Afrique 2026 de l\u2019International Mixed Martial Arts Federation (IMMAF), pr\u00e9vu du 13 au 19 avril \u00e0 Luanda, en Angola. https:\/\/www.sport-ivoire.ci\/autres-sports-arts-martiaux\/immaf-cinq-athl%C3%A8tes-ivoiriens-%C3%A0-luanda<\/p>","protected":false},"author":5,"featured_media":9857,"comment_status":"open","ping_status":"open","sticky":false,"template":"","format":"standard","meta":{"site-sidebar-layout":"default","site-content-layout":"","ast-site-content-layout":"default","site-content-style":"default","site-sidebar-style":"default","ast-global-header-display":"","ast-banner-title-visibility":"","ast-main-header-display":"","ast-hfb-above-header-display":"","ast-hfb-below-header-display":"","ast-hfb-mobile-header-display":"","site-post-title":"","ast-breadcrumbs-content":"","ast-featured-img":"disabled","footer-sml-layout":"","theme-transparent-header-meta":"","adv-header-id-meta":"","stick-header-meta":"","header-above-stick-meta":"","header-main-stick-meta":"","header-below-stick-meta":"","astra-migrate-meta-layouts":"set","footnotes":""},"categories":[1],"tags":[],"class_list":["post-9856","post","type-post","status-publish","format-standard","has-post-thumbnail","hentry","category-https-sport-ivoire-ci-autres-sports-arts-martiaux-aml-06-samo-samo-battu-moussa-sounkara"],"acf":[],"yoast_head":"<!-- This site is optimized with the Yoast SEO plugin v27.4 - https:\/\/yoast.com\/product\/yoast-seo-wordpress\/ -->\n<title>IMMAF : Cinq athl\u00e8tes ivoiriens \u00e0 Luanda - African MMA League<\/title>\n<meta name=\"robots\" content=\"index, follow, max-snippet:-1, max-image-preview:large, max-video-preview:-1\" \/>\n<link rel=\"canonical\" href=\"https:\/\/aml-ci.com\/en\/immaf-cinq-athletes-ivoiriens-a-luanda\/\" \/>\n<meta property=\"og:locale\" content=\"en_US\" \/>\n<meta property=\"og:type\" content=\"article\" \/>\n<meta property=\"og:title\" content=\"IMMAF : Cinq athl\u00e8tes ivoiriens \u00e0 Luanda - African MMA League\" \/>\n<meta property=\"og:description\" content=\"Cinq athl\u00e8tes ivoiriens ont \u00e9t\u00e9 s\u00e9lectionn\u00e9s pour repr\u00e9senter la C\u00f4te d\u2019Ivoire au Championnat d\u2019Afrique 2026 de l\u2019International Mixed Martial Arts Federation (IMMAF), pr\u00e9vu du 13 au 19 avril \u00e0 Luanda, en Angola. https:\/\/www.sport-ivoire.ci\/autres-sports-arts-martiaux\/immaf-cinq-athl%C3%A8tes-ivoiriens-%C3%A0-luanda\" \/>\n<meta property=\"og:url\" content=\"https:\/\/aml-ci.com\/en\/immaf-cinq-athletes-ivoiriens-a-luanda\/\" \/>\n<meta property=\"og:site_name\" content=\"African MMA League\" \/>\n<meta property=\"article:publisher\" content=\"https:\/\/web.facebook.com\/people\/African-MMA-League\/100093224844051\/\" \/>\n<meta property=\"article:published_time\" content=\"2026-03-02T17:29:27+00:00\" \/>\n<meta property=\"article:modified_time\" content=\"2026-03-02T17:32:35+00:00\" \/>\n<meta property=\"og:image\" content=\"https:\/\/aml-ci.com\/wp-content\/uploads\/2026\/03\/FGD.jpg\" \/>\n\t<meta property=\"og:image:width\" content=\"650\" \/>\n\t<meta property=\"og:image:height\" content=\"415\" \/>\n\t<meta property=\"og:image:type\" content=\"image\/jpeg\" \/>\n<meta name=\"author\" content=\"lamine\" \/>\n<meta name=\"twitter:card\" content=\"summary_large_image\" \/>\n<meta name=\"twitter:creator\" content=\"@aml_cl\" \/>\n<meta name=\"twitter:site\" content=\"@aml_cl\" \/>\n<meta name=\"twitter:label1\" content=\"Written by\" \/>\n\t<meta name=\"twitter:data1\" content=\"lamine\" \/>\n\t<meta name=\"twitter:label2\" content=\"Est. reading time\" \/>\n\t<meta name=\"twitter:data2\" content=\"1 minute\" \/>\n<script type=\"application\/ld+json\" class=\"yoast-schema-graph\">{\"@context\":\"https:\\\/\\\/schema.org\",\"@graph\":[{\"@type\":\"Article\",\"@id\":\"https:\\\/\\\/aml-ci.com\\\/immaf-cinq-athletes-ivoiriens-a-luanda\\\/#article\",\"isPartOf\":{\"@id\":\"https:\\\/\\\/aml-ci.com\\\/immaf-cinq-athletes-ivoiriens-a-luanda\\\/\"},\"author\":{\"name\":\"lamine\",\"@id\":\"https:\\\/\\\/aml-ci.com\\\/#\\\/schema\\\/person\\\/4b54134d6160d04e8609b201f418577d\"},\"headline\":\"IMMAF : Cinq athl\u00e8tes ivoiriens \u00e0 Luanda\",\"datePublished\":\"2026-03-02T17:29:27+00:00\",\"dateModified\":\"2026-03-02T17:32:35+00:00\",\"mainEntityOfPage\":{\"@id\":\"https:\\\/\\\/aml-ci.com\\\/immaf-cinq-athletes-ivoiriens-a-luanda\\\/\"},\"wordCount\":55,\"commentCount\":0,\"publisher\":{\"@id\":\"https:\\\/\\\/aml-ci.com\\\/#organization\"},\"image\":{\"@id\":\"https:\\\/\\\/aml-ci.com\\\/immaf-cinq-athletes-ivoiriens-a-luanda\\\/#primaryimage\"},\"thumbnailUrl\":\"https:\\\/\\\/aml-ci.com\\\/wp-content\\\/uploads\\\/2026\\\/03\\\/FGD.jpg\",\"articleSection\":[\"Presses\"],\"inLanguage\":\"en-US\",\"potentialAction\":[{\"@type\":\"CommentAction\",\"name\":\"Comment\",\"target\":[\"https:\\\/\\\/aml-ci.com\\\/immaf-cinq-athletes-ivoiriens-a-luanda\\\/#respond\"]}]},{\"@type\":\"WebPage\",\"@id\":\"https:\\\/\\\/aml-ci.com\\\/immaf-cinq-athletes-ivoiriens-a-luanda\\\/\",\"url\":\"https:\\\/\\\/aml-ci.com\\\/immaf-cinq-athletes-ivoiriens-a-luanda\\\/\",\"name\":\"IMMAF : Cinq athl\u00e8tes ivoiriens \u00e0 Luanda - African MMA League\",\"isPartOf\":{\"@id\":\"https:\\\/\\\/aml-ci.com\\\/#website\"},\"primaryImageOfPage\":{\"@id\":\"https:\\\/\\\/aml-ci.com\\\/immaf-cinq-athletes-ivoiriens-a-luanda\\\/#primaryimage\"},\"image\":{\"@id\":\"https:\\\/\\\/aml-ci.com\\\/immaf-cinq-athletes-ivoiriens-a-luanda\\\/#primaryimage\"},\"thumbnailUrl\":\"https:\\\/\\\/aml-ci.com\\\/wp-content\\\/uploads\\\/2026\\\/03\\\/FGD.jpg\",\"datePublished\":\"2026-03-02T17:29:27+00:00\",\"dateModified\":\"2026-03-02T17:32:35+00:00\",\"breadcrumb\":{\"@id\":\"https:\\\/\\\/aml-ci.com\\\/immaf-cinq-athletes-ivoiriens-a-luanda\\\/#breadcrumb\"},\"inLanguage\":\"en-US\",\"potentialAction\":[{\"@type\":\"ReadAction\",\"target\":[\"https:\\\/\\\/aml-ci.com\\\/immaf-cinq-athletes-ivoiriens-a-luanda\\\/\"]}]},{\"@type\":\"ImageObject\",\"inLanguage\":\"en-US\",\"@id\":\"https:\\\/\\\/aml-ci.com\\\/immaf-cinq-athletes-ivoiriens-a-luanda\\\/#primaryimage\",\"url\":\"https:\\\/\\\/aml-ci.com\\\/wp-content\\\/uploads\\\/2026\\\/03\\\/FGD.jpg\",\"contentUrl\":\"https:\\\/\\\/aml-ci.com\\\/wp-content\\\/uploads\\\/2026\\\/03\\\/FGD.jpg\",\"width\":650,\"height\":415},{\"@type\":\"BreadcrumbList\",\"@id\":\"https:\\\/\\\/aml-ci.com\\\/immaf-cinq-athletes-ivoiriens-a-luanda\\\/#breadcrumb\",\"itemListElement\":[{\"@type\":\"ListItem\",\"position\":1,\"name\":\"Home\",\"item\":\"https:\\\/\\\/aml-ci.com\\\/\"},{\"@type\":\"ListItem\",\"position\":2,\"name\":\"IMMAF : Cinq athl\u00e8tes ivoiriens \u00e0 Luanda\"}]},{\"@type\":\"WebSite\",\"@id\":\"https:\\\/\\\/aml-ci.com\\\/#website\",\"url\":\"https:\\\/\\\/aml-ci.com\\\/\",\"name\":\"African MMA League\",\"description\":\"AML\",\"publisher\":{\"@id\":\"https:\\\/\\\/aml-ci.com\\\/#organization\"},\"potentialAction\":[{\"@type\":\"SearchAction\",\"target\":{\"@type\":\"EntryPoint\",\"urlTemplate\":\"https:\\\/\\\/aml-ci.com\\\/?s={search_term_string}\"},\"query-input\":{\"@type\":\"PropertyValueSpecification\",\"valueRequired\":true,\"valueName\":\"search_term_string\"}}],\"inLanguage\":\"en-US\"},{\"@type\":\"Organization\",\"@id\":\"https:\\\/\\\/aml-ci.com\\\/#organization\",\"name\":\"African MMA League\",\"url\":\"https:\\\/\\\/aml-ci.com\\\/\",\"logo\":{\"@type\":\"ImageObject\",\"inLanguage\":\"en-US\",\"@id\":\"https:\\\/\\\/aml-ci.com\\\/#\\\/schema\\\/logo\\\/image\\\/\",\"url\":\"https:\\\/\\\/aml-ci.com\\\/wp-content\\\/uploads\\\/2023\\\/01\\\/African-MMA-League-02-4-2-e1676899237520.png\",\"contentUrl\":\"https:\\\/\\\/aml-ci.com\\\/wp-content\\\/uploads\\\/2023\\\/01\\\/African-MMA-League-02-4-2-e1676899237520.png\",\"width\":1165,\"height\":480,\"caption\":\"African MMA League\"},\"image\":{\"@id\":\"https:\\\/\\\/aml-ci.com\\\/#\\\/schema\\\/logo\\\/image\\\/\"},\"sameAs\":[\"https:\\\/\\\/web.facebook.com\\\/people\\\/African-MMA-League\\\/100093224844051\\\/\",\"https:\\\/\\\/x.com\\\/aml_cl\",\"https:\\\/\\\/www.tiktok.com\\\/@africanmmaleague\",\"https:\\\/\\\/www.youtube.com\\\/@AfricanMMALeague\"]},{\"@type\":\"Person\",\"@id\":\"https:\\\/\\\/aml-ci.com\\\/#\\\/schema\\\/person\\\/4b54134d6160d04e8609b201f418577d\",\"name\":\"lamine\",\"image\":{\"@type\":\"ImageObject\",\"inLanguage\":\"en-US\",\"@id\":\"https:\\\/\\\/secure.gravatar.com\\\/avatar\\\/6ea4197fe8fdee711c55fcedc88506c5b4a41d7cc4a6897168a8fcae72a60be9?s=96&d=mm&r=g\",\"url\":\"https:\\\/\\\/secure.gravatar.com\\\/avatar\\\/6ea4197fe8fdee711c55fcedc88506c5b4a41d7cc4a6897168a8fcae72a60be9?s=96&d=mm&r=g\",\"contentUrl\":\"https:\\\/\\\/secure.gravatar.com\\\/avatar\\\/6ea4197fe8fdee711c55fcedc88506c5b4a41d7cc4a6897168a8fcae72a60be9?s=96&d=mm&r=g\",\"caption\":\"lamine\"},\"url\":\"https:\\\/\\\/aml-ci.com\\\/en\\\/author\\\/lamine\\\/\"}]}<\/script>\n<!-- \/ Yoast SEO plugin. -->","yoast_head_json":{"title":"IMMAF : Cinq athl\u00e8tes ivoiriens \u00e0 Luanda - African MMA League","robots":{"index":"index","follow":"follow","max-snippet":"max-snippet:-1","max-image-preview":"max-image-preview:large","max-video-preview":"max-video-preview:-1"},"canonical":"https:\/\/aml-ci.com\/en\/immaf-cinq-athletes-ivoiriens-a-luanda\/","og_locale":"en_US","og_type":"article","og_title":"IMMAF : Cinq athl\u00e8tes ivoiriens \u00e0 Luanda - African MMA League","og_description":"Cinq athl\u00e8tes ivoiriens ont \u00e9t\u00e9 s\u00e9lectionn\u00e9s pour repr\u00e9senter la C\u00f4te d\u2019Ivoire au Championnat d\u2019Afrique 2026 de l\u2019International Mixed Martial Arts Federation (IMMAF), pr\u00e9vu du 13 au 19 avril \u00e0 Luanda, en Angola. https:\/\/www.sport-ivoire.ci\/autres-sports-arts-martiaux\/immaf-cinq-athl%C3%A8tes-ivoiriens-%C3%A0-luanda","og_url":"https:\/\/aml-ci.com\/en\/immaf-cinq-athletes-ivoiriens-a-luanda\/","og_site_name":"African MMA League","article_publisher":"https:\/\/web.facebook.com\/people\/African-MMA-League\/100093224844051\/","article_published_time":"2026-03-02T17:29:27+00:00","article_modified_time":"2026-03-02T17:32:35+00:00","og_image":[{"width":650,"height":415,"url":"https:\/\/aml-ci.com\/wp-content\/uploads\/2026\/03\/FGD.jpg","type":"image\/jpeg"}],"author":"lamine","twitter_card":"summary_large_image","twitter_creator":"@aml_cl","twitter_site":"@aml_cl","twitter_misc":{"Written by":"lamine","Est. reading time":"1 minute"},"schema":{"@context":"https:\/\/schema.org","@graph":[{"@type":"Article","@id":"https:\/\/aml-ci.com\/immaf-cinq-athletes-ivoiriens-a-luanda\/#article","isPartOf":{"@id":"https:\/\/aml-ci.com\/immaf-cinq-athletes-ivoiriens-a-luanda\/"},"author":{"name":"lamine","@id":"https:\/\/aml-ci.com\/#\/schema\/person\/4b54134d6160d04e8609b201f418577d"},"headline":"IMMAF : Cinq athl\u00e8tes ivoiriens \u00e0 Luanda","datePublished":"2026-03-02T17:29:27+00:00","dateModified":"2026-03-02T17:32:35+00:00","mainEntityOfPage":{"@id":"https:\/\/aml-ci.com\/immaf-cinq-athletes-ivoiriens-a-luanda\/"},"wordCount":55,"commentCount":0,"publisher":{"@id":"https:\/\/aml-ci.com\/#organization"},"image":{"@id":"https:\/\/aml-ci.com\/immaf-cinq-athletes-ivoiriens-a-luanda\/#primaryimage"},"thumbnailUrl":"https:\/\/aml-ci.com\/wp-content\/uploads\/2026\/03\/FGD.jpg","articleSection":["Presses"],"inLanguage":"en-US","potentialAction":[{"@type":"CommentAction","name":"Comment","target":["https:\/\/aml-ci.com\/immaf-cinq-athletes-ivoiriens-a-luanda\/#respond"]}]},{"@type":"WebPage","@id":"https:\/\/aml-ci.com\/immaf-cinq-athletes-ivoiriens-a-luanda\/","url":"https:\/\/aml-ci.com\/immaf-cinq-athletes-ivoiriens-a-luanda\/","name":"IMMAF : Cinq athl\u00e8tes ivoiriens \u00e0 Luanda - African MMA League","isPartOf":{"@id":"https:\/\/aml-ci.com\/#website"},"primaryImageOfPage":{"@id":"https:\/\/aml-ci.com\/immaf-cinq-athletes-ivoiriens-a-luanda\/#primaryimage"},"image":{"@id":"https:\/\/aml-ci.com\/immaf-cinq-athletes-ivoiriens-a-luanda\/#primaryimage"},"thumbnailUrl":"https:\/\/aml-ci.com\/wp-content\/uploads\/2026\/03\/FGD.jpg","datePublished":"2026-03-02T17:29:27+00:00","dateModified":"2026-03-02T17:32:35+00:00","breadcrumb":{"@id":"https:\/\/aml-ci.com\/immaf-cinq-athletes-ivoiriens-a-luanda\/#breadcrumb"},"inLanguage":"en-US","potentialAction":[{"@type":"ReadAction","target":["https:\/\/aml-ci.com\/immaf-cinq-athletes-ivoiriens-a-luanda\/"]}]},{"@type":"ImageObject","inLanguage":"en-US","@id":"https:\/\/aml-ci.com\/immaf-cinq-athletes-ivoiriens-a-luanda\/#primaryimage","url":"https:\/\/aml-ci.com\/wp-content\/uploads\/2026\/03\/FGD.jpg","contentUrl":"https:\/\/aml-ci.com\/wp-content\/uploads\/2026\/03\/FGD.jpg","width":650,"height":415},{"@type":"BreadcrumbList","@id":"https:\/\/aml-ci.com\/immaf-cinq-athletes-ivoiriens-a-luanda\/#breadcrumb","itemListElement":[{"@type":"ListItem","position":1,"name":"Home","item":"https:\/\/aml-ci.com\/"},{"@type":"ListItem","position":2,"name":"IMMAF : Cinq athl\u00e8tes ivoiriens \u00e0 Luanda"}]},{"@type":"WebSite","@id":"https:\/\/aml-ci.com\/#website","url":"https:\/\/aml-ci.com\/","name":"African MMA League","description":"AML","publisher":{"@id":"https:\/\/aml-ci.com\/#organization"},"potentialAction":[{"@type":"SearchAction","target":{"@type":"EntryPoint","urlTemplate":"https:\/\/aml-ci.com\/?s={search_term_string}"},"query-input":{"@type":"PropertyValueSpecification","valueRequired":true,"valueName":"search_term_string"}}],"inLanguage":"en-US"},{"@type":"Organization","@id":"https:\/\/aml-ci.com\/#organization","name":"African MMA League","url":"https:\/\/aml-ci.com\/","logo":{"@type":"ImageObject","inLanguage":"en-US","@id":"https:\/\/aml-ci.com\/#\/schema\/logo\/image\/","url":"https:\/\/aml-ci.com\/wp-content\/uploads\/2023\/01\/African-MMA-League-02-4-2-e1676899237520.png","contentUrl":"https:\/\/aml-ci.com\/wp-content\/uploads\/2023\/01\/African-MMA-League-02-4-2-e1676899237520.png","width":1165,"height":480,"caption":"African MMA League"},"image":{"@id":"https:\/\/aml-ci.com\/#\/schema\/logo\/image\/"},"sameAs":["https:\/\/web.facebook.com\/people\/African-MMA-League\/100093224844051\/","https:\/\/x.com\/aml_cl","https:\/\/www.tiktok.com\/@africanmmaleague","https:\/\/www.youtube.com\/@AfricanMMALeague"]},{"@type":"Person","@id":"https:\/\/aml-ci.com\/#\/schema\/person\/4b54134d6160d04e8609b201f418577d","name":"lamine","image":{"@type":"ImageObject","inLanguage":"en-US","@id":"https:\/\/secure.gravatar.com\/avatar\/6ea4197fe8fdee711c55fcedc88506c5b4a41d7cc4a6897168a8fcae72a60be9?s=96&d=mm&r=g","url":"https:\/\/secure.gravatar.com\/avatar\/6ea4197fe8fdee711c55fcedc88506c5b4a41d7cc4a6897168a8fcae72a60be9?s=96&d=mm&r=g","contentUrl":"https:\/\/secure.gravatar.com\/avatar\/6ea4197fe8fdee711c55fcedc88506c5b4a41d7cc4a6897168a8fcae72a60be9?s=96&d=mm&r=g","caption":"lamine"},"url":"https:\/\/aml-ci.com\/en\/author\/lamine\/"}]}},"_links":{"self":[{"href":"https:\/\/aml-ci.com\/en\/wp-json\/wp\/v2\/posts\/9856","targetHints":{"allow":["GET"]}}],"collection":[{"href":"https:\/\/aml-ci.com\/en\/wp-json\/wp\/v2\/posts"}],"about":[{"href":"https:\/\/aml-ci.com\/en\/wp-json\/wp\/v2\/types\/post"}],"author":[{"embeddable":true,"href":"https:\/\/aml-ci.com\/en\/wp-json\/wp\/v2\/users\/5"}],"replies":[{"embeddable":true,"href":"https:\/\/aml-ci.com\/en\/wp-json\/wp\/v2\/comments?post=9856"}],"version-history":[{"count":4,"href":"https:\/\/aml-ci.com\/en\/wp-json\/wp\/v2\/posts\/9856\/revisions"}],"predecessor-version":[{"id":9861,"href":"https:\/\/aml-ci.com\/en\/wp-json\/wp\/v2\/posts\/9856\/revisions\/9861"}],"wp:featuredmedia":[{"embeddable":true,"href":"https:\/\/aml-ci.com\/en\/wp-json\/wp\/v2\/media\/9857"}],"wp:attachment":[{"href":"https:\/\/aml-ci.com\/en\/wp-json\/wp\/v2\/media?parent=9856"}],"wp:term":[{"taxonomy":"category","embeddable":true,"href":"https:\/\/aml-ci.com\/en\/wp-json\/wp\/v2\/categories?post=9856"},{"taxonomy":"post_tag","embeddable":true,"href":"https:\/\/aml-ci.com\/en\/wp-json\/wp\/v2\/tags?post=9856"}],"curies":[{"name":"wp","href":"https:\/\/api.w.org\/{rel}","templated":true}]}}