{"id":9836,"date":"2026-02-13T23:38:31","date_gmt":"2026-02-13T18:38:31","guid":{"rendered":"https:\/\/aml-ci.com\/?p=9836"},"modified":"2026-02-13T23:42:58","modified_gmt":"2026-02-13T18:42:58","slug":"mma-la-cote-divoire-invitee-pour-la-premiere-fois-a-une-competition-internationale-en-angola","status":"publish","type":"post","link":"https:\/\/aml-ci.com\/en\/mma-la-cote-divoire-invitee-pour-la-premiere-fois-a-une-competition-internationale-en-angola\/","title":{"rendered":"MMA : la C\u00f4te d\u2019Ivoire invit\u00e9e pour la premi\u00e8re fois \u00e0 une comp\u00e9tition internationale en Angola"},"content":{"rendered":"<div data-elementor-type=\"wp-post\" data-elementor-id=\"9836\" class=\"elementor elementor-9836\">\n\t\t\t\t\t\t<section class=\"elementor-section elementor-top-section elementor-element elementor-element-0a7d9c1 elementor-section-boxed elementor-section-height-default elementor-section-height-default\" data-id=\"0a7d9c1\" data-element_type=\"section\" data-e-type=\"section\">\n\t\t\t\t\t\t<div class=\"elementor-container elementor-column-gap-default\">\n\t\t\t\t\t<div class=\"elementor-column elementor-col-100 elementor-top-column elementor-element elementor-element-66d4f6b\" data-id=\"66d4f6b\" data-element_type=\"column\" data-e-type=\"column\">\n\t\t\t<div class=\"elementor-widget-wrap elementor-element-populated\">\n\t\t\t\t\t\t<div class=\"elementor-element elementor-element-92453b3 elementor-widget__width-initial dce_masking-none elementor-widget elementor-widget-image\" data-id=\"92453b3\" data-element_type=\"widget\" data-e-type=\"widget\" data-widget_type=\"image.default\">\n\t\t\t\t<div class=\"elementor-widget-container\">\n\t\t\t\t\t\t\t\t\t\t\t\t\t\t\t<img fetchpriority=\"high\" decoding=\"async\" width=\"922\" height=\"1200\" src=\"https:\/\/aml-ci.com\/wp-content\/uploads\/2026\/02\/IMG-20260211-WA0115-922x1200.webp\" class=\"attachment-medium size-medium wp-image-9838\" alt=\"\" srcset=\"https:\/\/aml-ci.com\/wp-content\/uploads\/2026\/02\/IMG-20260211-WA0115-922x1200.webp 922w, https:\/\/aml-ci.com\/wp-content\/uploads\/2026\/02\/IMG-20260211-WA0115-768x1000.webp 768w, https:\/\/aml-ci.com\/wp-content\/uploads\/2026\/02\/IMG-20260211-WA0115-9x12.webp 9w, https:\/\/aml-ci.com\/wp-content\/uploads\/2026\/02\/IMG-20260211-WA0115.webp 1106w\" sizes=\"(max-width: 922px) 100vw, 922px\" \/>\t\t\t\t\t\t\t\t\t\t\t\t\t\t\t<\/div>\n\t\t\t\t<\/div>\n\t\t\t\t\t<\/div>\n\t\t<\/div>\n\t\t\t\t\t<\/div>\n\t\t<\/section>\n\t\t\t\t<section class=\"elementor-section elementor-top-section elementor-element elementor-element-e64b329 elementor-section-boxed elementor-section-height-default elementor-section-height-default\" data-id=\"e64b329\" data-element_type=\"section\" data-e-type=\"section\">\n\t\t\t\t\t\t<div class=\"elementor-container elementor-column-gap-default\">\n\t\t\t\t\t<div class=\"elementor-column elementor-col-100 elementor-top-column elementor-element elementor-element-bc75e36\" data-id=\"bc75e36\" data-element_type=\"column\" data-e-type=\"column\">\n\t\t\t<div class=\"elementor-widget-wrap elementor-element-populated\">\n\t\t\t\t\t\t<div class=\"elementor-element elementor-element-93c6553 elementor-widget elementor-widget-text-editor\" data-id=\"93c6553\" data-element_type=\"widget\" data-e-type=\"widget\" data-widget_type=\"text-editor.default\">\n\t\t\t\t<div class=\"elementor-widget-container\">\n\t\t\t\t\t\t\t\t\t<p>L\u2019African MMA F\u00e9d\u00e9ration C\u00f4te d\u2019Ivoire (AMF-CI), dirig\u00e9e par Isma\u00ebl Bakayoko, participera pour la premi\u00e8re fois \u00e0 un tournoi international de la F\u00e9d\u00e9ration Internationale de Mixed Martial Arts (IMMAF), pr\u00e9vu en avril prochain \u00e0 Luanda, en Angola. L\u2019annonce officielle a \u00e9t\u00e9 faite lors de la troisi\u00e8me \u00e9tape de la caravane nationale de MMA, organis\u00e9e le samedi 7 f\u00e9vrier \u00e0 Koumassi.<\/p><p><blockquote class=\"wp-embedded-content\" data-secret=\"f9OGt2pJAN\"><a href=\"https:\/\/afrikexpress.info\/mma-la-cote-divoire-invitee-pour-la-premiere-fois-a-une-competition-internationale-en-angola\/\">MMA : la C\u00f4te d\u2019Ivoire invit\u00e9e pour la premi\u00e8re fois \u00e0 une comp\u00e9tition internationale en Angola<\/a><\/blockquote><iframe class=\"wp-embedded-content\" sandbox=\"allow-scripts\" security=\"restricted\" style=\"position: absolute; visibility: hidden;\" title=\"\u00ab\u00a0MMA : la C\u00f4te d\u2019Ivoire invit\u00e9e pour la premi\u00e8re fois \u00e0 une comp\u00e9tition internationale en Angola\u00a0\u00bb &#8212; Afrikexpress\" src=\"https:\/\/afrikexpress.info\/mma-la-cote-divoire-invitee-pour-la-premiere-fois-a-une-competition-internationale-en-angola\/embed\/#?secret=6BnbA3n2Ak#?secret=f9OGt2pJAN\" data-secret=\"f9OGt2pJAN\" width=\"500\" height=\"282\" frameborder=\"0\" marginwidth=\"0\" marginheight=\"0\" scrolling=\"no\"><\/iframe><\/p>\t\t\t\t\t\t\t\t<\/div>\n\t\t\t\t<\/div>\n\t\t\t\t\t<\/div>\n\t\t<\/div>\n\t\t\t\t\t<\/div>\n\t\t<\/section>\n\t\t\t\t<\/div>","protected":false},"excerpt":{"rendered":"<p>L\u2019African MMA F\u00e9d\u00e9ration C\u00f4te d\u2019Ivoire (AMF-CI), dirig\u00e9e par Isma\u00ebl Bakayoko, participera pour la premi\u00e8re fois \u00e0 un tournoi international de la F\u00e9d\u00e9ration Internationale de Mixed Martial Arts (IMMAF), pr\u00e9vu en avril prochain \u00e0 Luanda, en Angola. L\u2019annonce officielle a \u00e9t\u00e9 faite lors de la troisi\u00e8me \u00e9tape de la caravane nationale de MMA, organis\u00e9e le samedi &hellip;<\/p>\n<p class=\"read-more\"> <a class=\"\" href=\"https:\/\/aml-ci.com\/en\/mma-la-cote-divoire-invitee-pour-la-premiere-fois-a-une-competition-internationale-en-angola\/\"> <span class=\"screen-reader-text\">MMA : la C\u00f4te d\u2019Ivoire invit\u00e9e pour la premi\u00e8re fois \u00e0 une comp\u00e9tition internationale en Angola<\/span> Read More \u00bb<\/a><\/p>","protected":false},"author":5,"featured_media":9829,"comment_status":"open","ping_status":"open","sticky":false,"template":"","format":"standard","meta":{"site-sidebar-layout":"default","site-content-layout":"","ast-site-content-layout":"default","site-content-style":"default","site-sidebar-style":"default","ast-global-header-display":"","ast-banner-title-visibility":"","ast-main-header-display":"","ast-hfb-above-header-display":"","ast-hfb-below-header-display":"","ast-hfb-mobile-header-display":"","site-post-title":"","ast-breadcrumbs-content":"","ast-featured-img":"disabled","footer-sml-layout":"","theme-transparent-header-meta":"","adv-header-id-meta":"","stick-header-meta":"","header-above-stick-meta":"","header-main-stick-meta":"","header-below-stick-meta":"","astra-migrate-meta-layouts":"set","footnotes":""},"categories":[1],"tags":[],"class_list":["post-9836","post","type-post","status-publish","format-standard","has-post-thumbnail","hentry","category-https-sport-ivoire-ci-autres-sports-arts-martiaux-aml-06-samo-samo-battu-moussa-sounkara"],"acf":[],"yoast_head":"<!-- This site is optimized with the Yoast SEO plugin v27.4 - https:\/\/yoast.com\/product\/yoast-seo-wordpress\/ -->\n<title>MMA : la C\u00f4te d\u2019Ivoire invit\u00e9e pour la premi\u00e8re fois \u00e0 une comp\u00e9tition internationale en Angola - African MMA League<\/title>\n<meta name=\"robots\" content=\"index, follow, max-snippet:-1, max-image-preview:large, max-video-preview:-1\" \/>\n<link rel=\"canonical\" href=\"https:\/\/aml-ci.com\/en\/mma-la-cote-divoire-invitee-pour-la-premiere-fois-a-une-competition-internationale-en-angola\/\" \/>\n<meta property=\"og:locale\" content=\"en_US\" \/>\n<meta property=\"og:type\" content=\"article\" \/>\n<meta property=\"og:title\" content=\"MMA : la C\u00f4te d\u2019Ivoire invit\u00e9e pour la premi\u00e8re fois \u00e0 une comp\u00e9tition internationale en Angola - African MMA League\" \/>\n<meta property=\"og:description\" content=\"L\u2019African MMA F\u00e9d\u00e9ration C\u00f4te d\u2019Ivoire (AMF-CI), dirig\u00e9e par Isma\u00ebl Bakayoko, participera pour la premi\u00e8re fois \u00e0 un tournoi international de la F\u00e9d\u00e9ration Internationale de Mixed Martial Arts (IMMAF), pr\u00e9vu en avril prochain \u00e0 Luanda, en Angola. L\u2019annonce officielle a \u00e9t\u00e9 faite lors de la troisi\u00e8me \u00e9tape de la caravane nationale de MMA, organis\u00e9e le samedi &hellip; MMA : la C\u00f4te d\u2019Ivoire invit\u00e9e pour la premi\u00e8re fois \u00e0 une comp\u00e9tition internationale en Angola Read More \u00bb\" \/>\n<meta property=\"og:url\" content=\"https:\/\/aml-ci.com\/en\/mma-la-cote-divoire-invitee-pour-la-premiere-fois-a-une-competition-internationale-en-angola\/\" \/>\n<meta property=\"og:site_name\" content=\"African MMA League\" \/>\n<meta property=\"article:publisher\" content=\"https:\/\/web.facebook.com\/people\/African-MMA-League\/100093224844051\/\" \/>\n<meta property=\"article:published_time\" content=\"2026-02-13T18:38:31+00:00\" \/>\n<meta property=\"article:modified_time\" content=\"2026-02-13T18:42:58+00:00\" \/>\n<meta property=\"og:image\" content=\"https:\/\/aml-ci.com\/wp-content\/uploads\/2026\/02\/118165-whatsapp-image-2026-02-09-at-102821.webp\" \/>\n\t<meta property=\"og:image:width\" content=\"1080\" \/>\n\t<meta property=\"og:image:height\" content=\"608\" \/>\n\t<meta property=\"og:image:type\" content=\"image\/webp\" \/>\n<meta name=\"author\" content=\"lamine\" \/>\n<meta name=\"twitter:card\" content=\"summary_large_image\" \/>\n<meta name=\"twitter:creator\" content=\"@aml_cl\" \/>\n<meta name=\"twitter:site\" content=\"@aml_cl\" \/>\n<meta name=\"twitter:label1\" content=\"Written by\" \/>\n\t<meta name=\"twitter:data1\" content=\"lamine\" \/>\n\t<meta name=\"twitter:label2\" content=\"Est. reading time\" \/>\n\t<meta name=\"twitter:data2\" content=\"1 minute\" \/>\n<script type=\"application\/ld+json\" class=\"yoast-schema-graph\">{\"@context\":\"https:\\\/\\\/schema.org\",\"@graph\":[{\"@type\":\"Article\",\"@id\":\"https:\\\/\\\/aml-ci.com\\\/mma-la-cote-divoire-invitee-pour-la-premiere-fois-a-une-competition-internationale-en-angola\\\/#article\",\"isPartOf\":{\"@id\":\"https:\\\/\\\/aml-ci.com\\\/mma-la-cote-divoire-invitee-pour-la-premiere-fois-a-une-competition-internationale-en-angola\\\/\"},\"author\":{\"name\":\"lamine\",\"@id\":\"https:\\\/\\\/aml-ci.com\\\/#\\\/schema\\\/person\\\/4b54134d6160d04e8609b201f418577d\"},\"headline\":\"MMA : la C\u00f4te d\u2019Ivoire invit\u00e9e pour la premi\u00e8re fois \u00e0 une comp\u00e9tition internationale en Angola\",\"datePublished\":\"2026-02-13T18:38:31+00:00\",\"dateModified\":\"2026-02-13T18:42:58+00:00\",\"mainEntityOfPage\":{\"@id\":\"https:\\\/\\\/aml-ci.com\\\/mma-la-cote-divoire-invitee-pour-la-premiere-fois-a-une-competition-internationale-en-angola\\\/\"},\"wordCount\":93,\"commentCount\":0,\"publisher\":{\"@id\":\"https:\\\/\\\/aml-ci.com\\\/#organization\"},\"image\":{\"@id\":\"https:\\\/\\\/aml-ci.com\\\/mma-la-cote-divoire-invitee-pour-la-premiere-fois-a-une-competition-internationale-en-angola\\\/#primaryimage\"},\"thumbnailUrl\":\"https:\\\/\\\/aml-ci.com\\\/wp-content\\\/uploads\\\/2026\\\/02\\\/118165-whatsapp-image-2026-02-09-at-102821.webp\",\"articleSection\":[\"Presses\"],\"inLanguage\":\"en-US\",\"potentialAction\":[{\"@type\":\"CommentAction\",\"name\":\"Comment\",\"target\":[\"https:\\\/\\\/aml-ci.com\\\/mma-la-cote-divoire-invitee-pour-la-premiere-fois-a-une-competition-internationale-en-angola\\\/#respond\"]}]},{\"@type\":\"WebPage\",\"@id\":\"https:\\\/\\\/aml-ci.com\\\/mma-la-cote-divoire-invitee-pour-la-premiere-fois-a-une-competition-internationale-en-angola\\\/\",\"url\":\"https:\\\/\\\/aml-ci.com\\\/mma-la-cote-divoire-invitee-pour-la-premiere-fois-a-une-competition-internationale-en-angola\\\/\",\"name\":\"MMA : la C\u00f4te d\u2019Ivoire invit\u00e9e pour la premi\u00e8re fois \u00e0 une comp\u00e9tition internationale en Angola - African MMA League\",\"isPartOf\":{\"@id\":\"https:\\\/\\\/aml-ci.com\\\/#website\"},\"primaryImageOfPage\":{\"@id\":\"https:\\\/\\\/aml-ci.com\\\/mma-la-cote-divoire-invitee-pour-la-premiere-fois-a-une-competition-internationale-en-angola\\\/#primaryimage\"},\"image\":{\"@id\":\"https:\\\/\\\/aml-ci.com\\\/mma-la-cote-divoire-invitee-pour-la-premiere-fois-a-une-competition-internationale-en-angola\\\/#primaryimage\"},\"thumbnailUrl\":\"https:\\\/\\\/aml-ci.com\\\/wp-content\\\/uploads\\\/2026\\\/02\\\/118165-whatsapp-image-2026-02-09-at-102821.webp\",\"datePublished\":\"2026-02-13T18:38:31+00:00\",\"dateModified\":\"2026-02-13T18:42:58+00:00\",\"breadcrumb\":{\"@id\":\"https:\\\/\\\/aml-ci.com\\\/mma-la-cote-divoire-invitee-pour-la-premiere-fois-a-une-competition-internationale-en-angola\\\/#breadcrumb\"},\"inLanguage\":\"en-US\",\"potentialAction\":[{\"@type\":\"ReadAction\",\"target\":[\"https:\\\/\\\/aml-ci.com\\\/mma-la-cote-divoire-invitee-pour-la-premiere-fois-a-une-competition-internationale-en-angola\\\/\"]}]},{\"@type\":\"ImageObject\",\"inLanguage\":\"en-US\",\"@id\":\"https:\\\/\\\/aml-ci.com\\\/mma-la-cote-divoire-invitee-pour-la-premiere-fois-a-une-competition-internationale-en-angola\\\/#primaryimage\",\"url\":\"https:\\\/\\\/aml-ci.com\\\/wp-content\\\/uploads\\\/2026\\\/02\\\/118165-whatsapp-image-2026-02-09-at-102821.webp\",\"contentUrl\":\"https:\\\/\\\/aml-ci.com\\\/wp-content\\\/uploads\\\/2026\\\/02\\\/118165-whatsapp-image-2026-02-09-at-102821.webp\",\"width\":1080,\"height\":608},{\"@type\":\"BreadcrumbList\",\"@id\":\"https:\\\/\\\/aml-ci.com\\\/mma-la-cote-divoire-invitee-pour-la-premiere-fois-a-une-competition-internationale-en-angola\\\/#breadcrumb\",\"itemListElement\":[{\"@type\":\"ListItem\",\"position\":1,\"name\":\"Home\",\"item\":\"https:\\\/\\\/aml-ci.com\\\/\"},{\"@type\":\"ListItem\",\"position\":2,\"name\":\"MMA : la C\u00f4te d\u2019Ivoire invit\u00e9e pour la premi\u00e8re fois \u00e0 une comp\u00e9tition internationale en Angola\"}]},{\"@type\":\"WebSite\",\"@id\":\"https:\\\/\\\/aml-ci.com\\\/#website\",\"url\":\"https:\\\/\\\/aml-ci.com\\\/\",\"name\":\"African MMA League\",\"description\":\"AML\",\"publisher\":{\"@id\":\"https:\\\/\\\/aml-ci.com\\\/#organization\"},\"potentialAction\":[{\"@type\":\"SearchAction\",\"target\":{\"@type\":\"EntryPoint\",\"urlTemplate\":\"https:\\\/\\\/aml-ci.com\\\/?s={search_term_string}\"},\"query-input\":{\"@type\":\"PropertyValueSpecification\",\"valueRequired\":true,\"valueName\":\"search_term_string\"}}],\"inLanguage\":\"en-US\"},{\"@type\":\"Organization\",\"@id\":\"https:\\\/\\\/aml-ci.com\\\/#organization\",\"name\":\"African MMA League\",\"url\":\"https:\\\/\\\/aml-ci.com\\\/\",\"logo\":{\"@type\":\"ImageObject\",\"inLanguage\":\"en-US\",\"@id\":\"https:\\\/\\\/aml-ci.com\\\/#\\\/schema\\\/logo\\\/image\\\/\",\"url\":\"https:\\\/\\\/aml-ci.com\\\/wp-content\\\/uploads\\\/2023\\\/01\\\/African-MMA-League-02-4-2-e1676899237520.png\",\"contentUrl\":\"https:\\\/\\\/aml-ci.com\\\/wp-content\\\/uploads\\\/2023\\\/01\\\/African-MMA-League-02-4-2-e1676899237520.png\",\"width\":1165,\"height\":480,\"caption\":\"African MMA League\"},\"image\":{\"@id\":\"https:\\\/\\\/aml-ci.com\\\/#\\\/schema\\\/logo\\\/image\\\/\"},\"sameAs\":[\"https:\\\/\\\/web.facebook.com\\\/people\\\/African-MMA-League\\\/100093224844051\\\/\",\"https:\\\/\\\/x.com\\\/aml_cl\",\"https:\\\/\\\/www.tiktok.com\\\/@africanmmaleague\",\"https:\\\/\\\/www.youtube.com\\\/@AfricanMMALeague\"]},{\"@type\":\"Person\",\"@id\":\"https:\\\/\\\/aml-ci.com\\\/#\\\/schema\\\/person\\\/4b54134d6160d04e8609b201f418577d\",\"name\":\"lamine\",\"image\":{\"@type\":\"ImageObject\",\"inLanguage\":\"en-US\",\"@id\":\"https:\\\/\\\/secure.gravatar.com\\\/avatar\\\/6ea4197fe8fdee711c55fcedc88506c5b4a41d7cc4a6897168a8fcae72a60be9?s=96&d=mm&r=g\",\"url\":\"https:\\\/\\\/secure.gravatar.com\\\/avatar\\\/6ea4197fe8fdee711c55fcedc88506c5b4a41d7cc4a6897168a8fcae72a60be9?s=96&d=mm&r=g\",\"contentUrl\":\"https:\\\/\\\/secure.gravatar.com\\\/avatar\\\/6ea4197fe8fdee711c55fcedc88506c5b4a41d7cc4a6897168a8fcae72a60be9?s=96&d=mm&r=g\",\"caption\":\"lamine\"},\"url\":\"https:\\\/\\\/aml-ci.com\\\/en\\\/author\\\/lamine\\\/\"}]}<\/script>\n<!-- \/ Yoast SEO plugin. -->","yoast_head_json":{"title":"MMA : la C\u00f4te d\u2019Ivoire invit\u00e9e pour la premi\u00e8re fois \u00e0 une comp\u00e9tition internationale en Angola - African MMA League","robots":{"index":"index","follow":"follow","max-snippet":"max-snippet:-1","max-image-preview":"max-image-preview:large","max-video-preview":"max-video-preview:-1"},"canonical":"https:\/\/aml-ci.com\/en\/mma-la-cote-divoire-invitee-pour-la-premiere-fois-a-une-competition-internationale-en-angola\/","og_locale":"en_US","og_type":"article","og_title":"MMA : la C\u00f4te d\u2019Ivoire invit\u00e9e pour la premi\u00e8re fois \u00e0 une comp\u00e9tition internationale en Angola - African MMA League","og_description":"L\u2019African MMA F\u00e9d\u00e9ration C\u00f4te d\u2019Ivoire (AMF-CI), dirig\u00e9e par Isma\u00ebl Bakayoko, participera pour la premi\u00e8re fois \u00e0 un tournoi international de la F\u00e9d\u00e9ration Internationale de Mixed Martial Arts (IMMAF), pr\u00e9vu en avril prochain \u00e0 Luanda, en Angola. L\u2019annonce officielle a \u00e9t\u00e9 faite lors de la troisi\u00e8me \u00e9tape de la caravane nationale de MMA, organis\u00e9e le samedi &hellip; MMA : la C\u00f4te d\u2019Ivoire invit\u00e9e pour la premi\u00e8re fois \u00e0 une comp\u00e9tition internationale en Angola Read More \u00bb","og_url":"https:\/\/aml-ci.com\/en\/mma-la-cote-divoire-invitee-pour-la-premiere-fois-a-une-competition-internationale-en-angola\/","og_site_name":"African MMA League","article_publisher":"https:\/\/web.facebook.com\/people\/African-MMA-League\/100093224844051\/","article_published_time":"2026-02-13T18:38:31+00:00","article_modified_time":"2026-02-13T18:42:58+00:00","og_image":[{"width":1080,"height":608,"url":"https:\/\/aml-ci.com\/wp-content\/uploads\/2026\/02\/118165-whatsapp-image-2026-02-09-at-102821.webp","type":"image\/webp"}],"author":"lamine","twitter_card":"summary_large_image","twitter_creator":"@aml_cl","twitter_site":"@aml_cl","twitter_misc":{"Written by":"lamine","Est. reading time":"1 minute"},"schema":{"@context":"https:\/\/schema.org","@graph":[{"@type":"Article","@id":"https:\/\/aml-ci.com\/mma-la-cote-divoire-invitee-pour-la-premiere-fois-a-une-competition-internationale-en-angola\/#article","isPartOf":{"@id":"https:\/\/aml-ci.com\/mma-la-cote-divoire-invitee-pour-la-premiere-fois-a-une-competition-internationale-en-angola\/"},"author":{"name":"lamine","@id":"https:\/\/aml-ci.com\/#\/schema\/person\/4b54134d6160d04e8609b201f418577d"},"headline":"MMA : la C\u00f4te d\u2019Ivoire invit\u00e9e pour la premi\u00e8re fois \u00e0 une comp\u00e9tition internationale en Angola","datePublished":"2026-02-13T18:38:31+00:00","dateModified":"2026-02-13T18:42:58+00:00","mainEntityOfPage":{"@id":"https:\/\/aml-ci.com\/mma-la-cote-divoire-invitee-pour-la-premiere-fois-a-une-competition-internationale-en-angola\/"},"wordCount":93,"commentCount":0,"publisher":{"@id":"https:\/\/aml-ci.com\/#organization"},"image":{"@id":"https:\/\/aml-ci.com\/mma-la-cote-divoire-invitee-pour-la-premiere-fois-a-une-competition-internationale-en-angola\/#primaryimage"},"thumbnailUrl":"https:\/\/aml-ci.com\/wp-content\/uploads\/2026\/02\/118165-whatsapp-image-2026-02-09-at-102821.webp","articleSection":["Presses"],"inLanguage":"en-US","potentialAction":[{"@type":"CommentAction","name":"Comment","target":["https:\/\/aml-ci.com\/mma-la-cote-divoire-invitee-pour-la-premiere-fois-a-une-competition-internationale-en-angola\/#respond"]}]},{"@type":"WebPage","@id":"https:\/\/aml-ci.com\/mma-la-cote-divoire-invitee-pour-la-premiere-fois-a-une-competition-internationale-en-angola\/","url":"https:\/\/aml-ci.com\/mma-la-cote-divoire-invitee-pour-la-premiere-fois-a-une-competition-internationale-en-angola\/","name":"MMA : la C\u00f4te d\u2019Ivoire invit\u00e9e pour la premi\u00e8re fois \u00e0 une comp\u00e9tition internationale en Angola - African MMA League","isPartOf":{"@id":"https:\/\/aml-ci.com\/#website"},"primaryImageOfPage":{"@id":"https:\/\/aml-ci.com\/mma-la-cote-divoire-invitee-pour-la-premiere-fois-a-une-competition-internationale-en-angola\/#primaryimage"},"image":{"@id":"https:\/\/aml-ci.com\/mma-la-cote-divoire-invitee-pour-la-premiere-fois-a-une-competition-internationale-en-angola\/#primaryimage"},"thumbnailUrl":"https:\/\/aml-ci.com\/wp-content\/uploads\/2026\/02\/118165-whatsapp-image-2026-02-09-at-102821.webp","datePublished":"2026-02-13T18:38:31+00:00","dateModified":"2026-02-13T18:42:58+00:00","breadcrumb":{"@id":"https:\/\/aml-ci.com\/mma-la-cote-divoire-invitee-pour-la-premiere-fois-a-une-competition-internationale-en-angola\/#breadcrumb"},"inLanguage":"en-US","potentialAction":[{"@type":"ReadAction","target":["https:\/\/aml-ci.com\/mma-la-cote-divoire-invitee-pour-la-premiere-fois-a-une-competition-internationale-en-angola\/"]}]},{"@type":"ImageObject","inLanguage":"en-US","@id":"https:\/\/aml-ci.com\/mma-la-cote-divoire-invitee-pour-la-premiere-fois-a-une-competition-internationale-en-angola\/#primaryimage","url":"https:\/\/aml-ci.com\/wp-content\/uploads\/2026\/02\/118165-whatsapp-image-2026-02-09-at-102821.webp","contentUrl":"https:\/\/aml-ci.com\/wp-content\/uploads\/2026\/02\/118165-whatsapp-image-2026-02-09-at-102821.webp","width":1080,"height":608},{"@type":"BreadcrumbList","@id":"https:\/\/aml-ci.com\/mma-la-cote-divoire-invitee-pour-la-premiere-fois-a-une-competition-internationale-en-angola\/#breadcrumb","itemListElement":[{"@type":"ListItem","position":1,"name":"Home","item":"https:\/\/aml-ci.com\/"},{"@type":"ListItem","position":2,"name":"MMA : la C\u00f4te d\u2019Ivoire invit\u00e9e pour la premi\u00e8re fois \u00e0 une comp\u00e9tition internationale en Angola"}]},{"@type":"WebSite","@id":"https:\/\/aml-ci.com\/#website","url":"https:\/\/aml-ci.com\/","name":"African MMA League","description":"AML","publisher":{"@id":"https:\/\/aml-ci.com\/#organization"},"potentialAction":[{"@type":"SearchAction","target":{"@type":"EntryPoint","urlTemplate":"https:\/\/aml-ci.com\/?s={search_term_string}"},"query-input":{"@type":"PropertyValueSpecification","valueRequired":true,"valueName":"search_term_string"}}],"inLanguage":"en-US"},{"@type":"Organization","@id":"https:\/\/aml-ci.com\/#organization","name":"African MMA League","url":"https:\/\/aml-ci.com\/","logo":{"@type":"ImageObject","inLanguage":"en-US","@id":"https:\/\/aml-ci.com\/#\/schema\/logo\/image\/","url":"https:\/\/aml-ci.com\/wp-content\/uploads\/2023\/01\/African-MMA-League-02-4-2-e1676899237520.png","contentUrl":"https:\/\/aml-ci.com\/wp-content\/uploads\/2023\/01\/African-MMA-League-02-4-2-e1676899237520.png","width":1165,"height":480,"caption":"African MMA League"},"image":{"@id":"https:\/\/aml-ci.com\/#\/schema\/logo\/image\/"},"sameAs":["https:\/\/web.facebook.com\/people\/African-MMA-League\/100093224844051\/","https:\/\/x.com\/aml_cl","https:\/\/www.tiktok.com\/@africanmmaleague","https:\/\/www.youtube.com\/@AfricanMMALeague"]},{"@type":"Person","@id":"https:\/\/aml-ci.com\/#\/schema\/person\/4b54134d6160d04e8609b201f418577d","name":"lamine","image":{"@type":"ImageObject","inLanguage":"en-US","@id":"https:\/\/secure.gravatar.com\/avatar\/6ea4197fe8fdee711c55fcedc88506c5b4a41d7cc4a6897168a8fcae72a60be9?s=96&d=mm&r=g","url":"https:\/\/secure.gravatar.com\/avatar\/6ea4197fe8fdee711c55fcedc88506c5b4a41d7cc4a6897168a8fcae72a60be9?s=96&d=mm&r=g","contentUrl":"https:\/\/secure.gravatar.com\/avatar\/6ea4197fe8fdee711c55fcedc88506c5b4a41d7cc4a6897168a8fcae72a60be9?s=96&d=mm&r=g","caption":"lamine"},"url":"https:\/\/aml-ci.com\/en\/author\/lamine\/"}]}},"_links":{"self":[{"href":"https:\/\/aml-ci.com\/en\/wp-json\/wp\/v2\/posts\/9836","targetHints":{"allow":["GET"]}}],"collection":[{"href":"https:\/\/aml-ci.com\/en\/wp-json\/wp\/v2\/posts"}],"about":[{"href":"https:\/\/aml-ci.com\/en\/wp-json\/wp\/v2\/types\/post"}],"author":[{"embeddable":true,"href":"https:\/\/aml-ci.com\/en\/wp-json\/wp\/v2\/users\/5"}],"replies":[{"embeddable":true,"href":"https:\/\/aml-ci.com\/en\/wp-json\/wp\/v2\/comments?post=9836"}],"version-history":[{"count":4,"href":"https:\/\/aml-ci.com\/en\/wp-json\/wp\/v2\/posts\/9836\/revisions"}],"predecessor-version":[{"id":9841,"href":"https:\/\/aml-ci.com\/en\/wp-json\/wp\/v2\/posts\/9836\/revisions\/9841"}],"wp:featuredmedia":[{"embeddable":true,"href":"https:\/\/aml-ci.com\/en\/wp-json\/wp\/v2\/media\/9829"}],"wp:attachment":[{"href":"https:\/\/aml-ci.com\/en\/wp-json\/wp\/v2\/media?parent=9836"}],"wp:term":[{"taxonomy":"category","embeddable":true,"href":"https:\/\/aml-ci.com\/en\/wp-json\/wp\/v2\/categories?post=9836"},{"taxonomy":"post_tag","embeddable":true,"href":"https:\/\/aml-ci.com\/en\/wp-json\/wp\/v2\/tags?post=9836"}],"curies":[{"name":"wp","href":"https:\/\/api.w.org\/{rel}","templated":true}]}}