{"id":9828,"date":"2026-02-13T23:24:43","date_gmt":"2026-02-13T18:24:43","guid":{"rendered":"https:\/\/aml-ci.com\/?p=9828"},"modified":"2026-02-13T23:36:30","modified_gmt":"2026-02-13T18:36:30","slug":"https-www-linfodrome-com-sport-118165-l-african-mma-federation-cote-d-ivoire-amf-ci-ouvre-l-ere-internationale-du-mma-ivoirien","status":"publish","type":"post","link":"https:\/\/aml-ci.com\/en\/https-www-linfodrome-com-sport-118165-l-african-mma-federation-cote-d-ivoire-amf-ci-ouvre-l-ere-internationale-du-mma-ivoirien\/","title":{"rendered":"L&rsquo;African MMA F\u00e9d\u00e9ration C\u00f4te d&rsquo;Ivoire (AMF-CI) ouvre l\u2019\u00e8re internationale du MMA ivoirien"},"content":{"rendered":"<div data-elementor-type=\"wp-post\" data-elementor-id=\"9828\" class=\"elementor elementor-9828\">\n\t\t\t\t\t\t<section class=\"elementor-section elementor-top-section elementor-element elementor-element-075f06a elementor-section-boxed elementor-section-height-default elementor-section-height-default\" data-id=\"075f06a\" data-element_type=\"section\" data-e-type=\"section\">\n\t\t\t\t\t\t<div class=\"elementor-container elementor-column-gap-default\">\n\t\t\t\t\t<div class=\"elementor-column elementor-col-100 elementor-top-column elementor-element elementor-element-f66ca7e\" data-id=\"f66ca7e\" data-element_type=\"column\" data-e-type=\"column\">\n\t\t\t<div class=\"elementor-widget-wrap elementor-element-populated\">\n\t\t\t\t\t\t<div class=\"elementor-element elementor-element-d2b0d10 dce_masking-none elementor-widget elementor-widget-image\" data-id=\"d2b0d10\" data-element_type=\"widget\" data-e-type=\"widget\" data-widget_type=\"image.default\">\n\t\t\t\t<div class=\"elementor-widget-container\">\n\t\t\t\t\t\t\t\t\t\t\t\t\t\t\t<img fetchpriority=\"high\" decoding=\"async\" width=\"1080\" height=\"608\" src=\"https:\/\/aml-ci.com\/wp-content\/uploads\/2026\/02\/118165-whatsapp-image-2026-02-09-at-102821.webp\" class=\"attachment-large size-large wp-image-9829\" alt=\"\" srcset=\"https:\/\/aml-ci.com\/wp-content\/uploads\/2026\/02\/118165-whatsapp-image-2026-02-09-at-102821.webp 1080w, https:\/\/aml-ci.com\/wp-content\/uploads\/2026\/02\/118165-whatsapp-image-2026-02-09-at-102821-768x432.webp 768w, https:\/\/aml-ci.com\/wp-content\/uploads\/2026\/02\/118165-whatsapp-image-2026-02-09-at-102821-18x10.webp 18w\" sizes=\"(max-width: 1080px) 100vw, 1080px\" \/>\t\t\t\t\t\t\t\t\t\t\t\t\t\t\t<\/div>\n\t\t\t\t<\/div>\n\t\t\t\t\t<\/div>\n\t\t<\/div>\n\t\t\t\t\t<\/div>\n\t\t<\/section>\n\t\t\t\t<section class=\"elementor-section elementor-top-section elementor-element elementor-element-7dc2fe3 elementor-section-boxed elementor-section-height-default elementor-section-height-default\" data-id=\"7dc2fe3\" data-element_type=\"section\" data-e-type=\"section\">\n\t\t\t\t\t\t<div class=\"elementor-container elementor-column-gap-default\">\n\t\t\t\t\t<div class=\"elementor-column elementor-col-100 elementor-top-column elementor-element elementor-element-be5db9d\" data-id=\"be5db9d\" data-element_type=\"column\" data-e-type=\"column\">\n\t\t\t<div class=\"elementor-widget-wrap elementor-element-populated\">\n\t\t\t\t\t\t<div class=\"elementor-element elementor-element-d14faea elementor-widget elementor-widget-text-editor\" data-id=\"d14faea\" data-element_type=\"widget\" data-e-type=\"widget\" data-widget_type=\"text-editor.default\">\n\t\t\t\t<div class=\"elementor-widget-container\">\n\t\t\t\t\t\t\t\t\t<h3 data-v-39793cbe=\"\">La C\u00f4te d\u2019Ivoire participera pour la premi\u00e8re fois \u00e0 une comp\u00e9tition internationale de MMA organis\u00e9e par l\u2019International Mixed Martial Arts Federation (IMMAF) en avril 2026 \u00e0 Luanda, en Angola. Cette organisation a adress\u00e9 une invitation officielle \u00e0 l\u2019African MMA Federation, section C\u00f4te d\u2019Ivoire (AMF-CI), dirig\u00e9e par Isma\u00ebl Bakayoko, afin de constituer une \u00e9quipe pour cette comp\u00e9tition.<\/h3>\t\t\t\t\t\t\t\t<\/div>\n\t\t\t\t<\/div>\n\t\t\t\t\t<\/div>\n\t\t<\/div>\n\t\t\t\t\t<\/div>\n\t\t<\/section>\n\t\t\t\t<section class=\"elementor-section elementor-top-section elementor-element elementor-element-4da2446 elementor-section-boxed elementor-section-height-default elementor-section-height-default\" data-id=\"4da2446\" data-element_type=\"section\" data-e-type=\"section\">\n\t\t\t\t\t\t<div class=\"elementor-container elementor-column-gap-default\">\n\t\t\t\t\t<div class=\"elementor-column elementor-col-100 elementor-top-column elementor-element elementor-element-47ce64f\" data-id=\"47ce64f\" data-element_type=\"column\" data-e-type=\"column\">\n\t\t\t<div class=\"elementor-widget-wrap elementor-element-populated\">\n\t\t\t\t\t\t<div class=\"elementor-element elementor-element-dc495bc elementor-widget elementor-widget-text-editor\" data-id=\"dc495bc\" data-element_type=\"widget\" data-e-type=\"widget\" data-widget_type=\"text-editor.default\">\n\t\t\t\t<div class=\"elementor-widget-container\">\n\t\t\t\t\t\t\t\t\t<p><span style=\"color: #272727; font-family: 'Work Sans', sans-serif; font-size: 18px;\">\u00c0 cet effet, l\u2019<\/span><strong style=\"--tw-border-spacing-x: 0; --tw-border-spacing-y: 0; --tw-translate-x: 0; --tw-translate-y: 0; --tw-rotate: 0; --tw-skew-x: 0; --tw-skew-y: 0; --tw-scale-x: 1; --tw-scale-y: 1; --tw-scroll-snap-strictness: proximity; --tw-ring-offset-width: 0px; --tw-ring-offset-color: #fff; --tw-ring-color: rgba(59,130,246,.5); --tw-ring-offset-shadow: 0 0 #0000; --tw-ring-shadow: 0 0 #0000; --tw-shadow: 0 0 #0000; --tw-shadow-colored: 0 0 #0000; transition: 0.3s; background-image: initial; background-position: initial; background-size: initial; background-repeat: initial; background-attachment: initial; background-origin: initial; background-clip: initial; border: 0px; font-size: 18px; margin: 0px; outline: 0px; padding: 0px; vertical-align: baseline; color: #272727; font-family: 'Work Sans', sans-serif;\">AMF-CI<\/strong><span style=\"color: #272727; font-family: 'Work Sans', sans-serif; font-size: 18px;\">\u00a0poursuit sa\u00a0<\/span><a class=\"special-underline\" style=\"--tw-border-spacing-x: 0; --tw-border-spacing-y: 0; --tw-translate-x: 0; --tw-translate-y: 0; --tw-rotate: 0; --tw-skew-x: 0; --tw-skew-y: 0; --tw-scale-x: 1; --tw-scale-y: 1; --tw-scroll-snap-strictness: proximity; --tw-ring-offset-width: 0px; --tw-ring-offset-color: #fff; --tw-ring-color: rgba(59,130,246,.5); --tw-ring-offset-shadow: 0 0 #0000; --tw-ring-shadow: 0 0 #0000; --tw-shadow: 0 0 #0000; --tw-shadow-colored: 0 0 #0000; transition-duration: 0.4s; transition-timing-function: ease; transition-property: background-size; margin: 0px; padding: 0px 0px 1px; color: #ff0122; outline: none; text-decoration-line: underline; background-image: linear-gradient(currentcolor, currentcolor); background-position: 0px 100%; background-repeat: no-repeat; background-size: 0px 0.1em, 100% 0.1em; font-size: 18px; font-weight: 600; font-family: 'Work Sans', sans-serif; background-color: #ffffff;\" href=\"https:\/\/box.linfodrome.com\/societe\/116072-clouture-de-la-caravane-cmu-zero-cotisation-me-adama-kamara-salue-l-adhesion-des-populations\" target=\"_blank\" rel=\"noopener\">caravane nationale<\/a><span style=\"color: #272727; font-family: 'Work Sans', sans-serif; font-size: 18px;\">\u00a0de\u00a0<\/span><strong style=\"--tw-border-spacing-x: 0; --tw-border-spacing-y: 0; --tw-translate-x: 0; --tw-translate-y: 0; --tw-rotate: 0; --tw-skew-x: 0; --tw-skew-y: 0; --tw-scale-x: 1; --tw-scale-y: 1; --tw-scroll-snap-strictness: proximity; --tw-ring-offset-width: 0px; --tw-ring-offset-color: #fff; --tw-ring-color: rgba(59,130,246,.5); --tw-ring-offset-shadow: 0 0 #0000; --tw-ring-shadow: 0 0 #0000; --tw-shadow: 0 0 #0000; --tw-shadow-colored: 0 0 #0000; transition: 0.3s; background-image: initial; background-position: initial; background-size: initial; background-repeat: initial; background-attachment: initial; background-origin: initial; background-clip: initial; border: 0px; font-size: 18px; margin: 0px; outline: 0px; padding: 0px; vertical-align: baseline; color: #272727; font-family: 'Work Sans', sans-serif;\">MMA<\/strong><span style=\"color: #272727; font-family: 'Work Sans', sans-serif; font-size: 18px;\">\u00a0afin de d\u00e9nicher les\u00a0<\/span><a class=\"special-underline\" style=\"--tw-border-spacing-x: 0; --tw-border-spacing-y: 0; --tw-translate-x: 0; --tw-translate-y: 0; --tw-rotate: 0; --tw-skew-x: 0; --tw-skew-y: 0; --tw-scale-x: 1; --tw-scale-y: 1; --tw-scroll-snap-strictness: proximity; --tw-ring-offset-width: 0px; --tw-ring-offset-color: #fff; --tw-ring-color: rgba(59,130,246,.5); --tw-ring-offset-shadow: 0 0 #0000; --tw-ring-shadow: 0 0 #0000; --tw-shadow: 0 0 #0000; --tw-shadow-colored: 0 0 #0000; transition-duration: 0.4s; transition-timing-function: ease; transition-property: background-size; margin: 0px; padding: 0px 0px 1px; color: #ff0122; outline: none; text-decoration-line: underline; background-image: linear-gradient(currentcolor, currentcolor); background-position: 0px 100%; background-repeat: no-repeat; background-size: 0px 0.1em, 100% 0.1em; font-size: 18px; font-weight: 600; font-family: 'Work Sans', sans-serif; background-color: #ffffff;\" href=\"https:\/\/box.linfodrome.com\/education\/113138-innovation-20-jeunes-talents-ivoiriens-lancent-leur-parcours-d-excellence-dans-les-filieres-de-la-technologie\" target=\"_blank\" rel=\"noopener\">meilleurs talents<\/a><span style=\"color: #272727; font-family: 'Work Sans', sans-serif; font-size: 18px;\">. C\u2019est la commune de Koumassi qui a accueilli la troisi\u00e8me \u00e9tape ce samedi 7 f\u00e9vrier 2026. Apr\u00e8s de nombreuses activit\u00e9s organis\u00e9es au plan national, l\u2019AMF-CI se pr\u00e9pare donc \u00e0 franchir un cap historique.<\/span><\/p><p><a href=\"https:\/\/www.linfodrome.com\/sport\/118165-l-african-mma-federation-cote-d-ivoire-amf-ci-ouvre-l-ere-internationale-du-mma-ivoirien\">https:\/\/www.linfodrome.com\/sport\/118165-l-african-mma-federation-cote-d-ivoire-amf-ci-ouvre-l-ere-internationale-du-mma-ivoirien<\/a><\/p><p><span style=\"color: #272727; font-family: 'Work Sans', sans-serif; font-size: 18px;\">\u00a0<\/span><\/p>\t\t\t\t\t\t\t\t<\/div>\n\t\t\t\t<\/div>\n\t\t\t\t\t<\/div>\n\t\t<\/div>\n\t\t\t\t\t<\/div>\n\t\t<\/section>\n\t\t\t\t<\/div>","protected":false},"excerpt":{"rendered":"<p>La C\u00f4te d\u2019Ivoire participera pour la premi\u00e8re fois \u00e0 une comp\u00e9tition internationale de MMA organis\u00e9e par l\u2019International Mixed Martial Arts Federation (IMMAF) en avril 2026 \u00e0 Luanda, en Angola. Cette organisation a adress\u00e9 une invitation officielle \u00e0 l\u2019African MMA Federation, section C\u00f4te d\u2019Ivoire (AMF-CI), dirig\u00e9e par Isma\u00ebl Bakayoko, afin de constituer une \u00e9quipe pour cette &hellip;<\/p>\n<p class=\"read-more\"> <a class=\"\" href=\"https:\/\/aml-ci.com\/en\/https-www-linfodrome-com-sport-118165-l-african-mma-federation-cote-d-ivoire-amf-ci-ouvre-l-ere-internationale-du-mma-ivoirien\/\"> <span class=\"screen-reader-text\">L&rsquo;African MMA F\u00e9d\u00e9ration C\u00f4te d&rsquo;Ivoire (AMF-CI) ouvre l\u2019\u00e8re internationale du MMA ivoirien<\/span> Read More \u00bb<\/a><\/p>","protected":false},"author":5,"featured_media":9829,"comment_status":"open","ping_status":"open","sticky":false,"template":"","format":"standard","meta":{"site-sidebar-layout":"default","site-content-layout":"","ast-site-content-layout":"default","site-content-style":"default","site-sidebar-style":"default","ast-global-header-display":"","ast-banner-title-visibility":"","ast-main-header-display":"","ast-hfb-above-header-display":"","ast-hfb-below-header-display":"","ast-hfb-mobile-header-display":"","site-post-title":"","ast-breadcrumbs-content":"","ast-featured-img":"disabled","footer-sml-layout":"","theme-transparent-header-meta":"","adv-header-id-meta":"","stick-header-meta":"","header-above-stick-meta":"","header-main-stick-meta":"","header-below-stick-meta":"","astra-migrate-meta-layouts":"set","footnotes":""},"categories":[1],"tags":[],"class_list":["post-9828","post","type-post","status-publish","format-standard","has-post-thumbnail","hentry","category-https-sport-ivoire-ci-autres-sports-arts-martiaux-aml-06-samo-samo-battu-moussa-sounkara"],"acf":[],"yoast_head":"<!-- This site is optimized with the Yoast SEO plugin v27.4 - https:\/\/yoast.com\/product\/yoast-seo-wordpress\/ -->\n<title>L&#039;African MMA F\u00e9d\u00e9ration C\u00f4te d&#039;Ivoire (AMF-CI) ouvre l\u2019\u00e8re internationale du MMA ivoirien - African MMA League<\/title>\n<meta name=\"robots\" content=\"index, follow, max-snippet:-1, max-image-preview:large, max-video-preview:-1\" \/>\n<link rel=\"canonical\" href=\"https:\/\/aml-ci.com\/en\/https-www-linfodrome-com-sport-118165-l-african-mma-federation-cote-d-ivoire-amf-ci-ouvre-l-ere-internationale-du-mma-ivoirien\/\" \/>\n<meta property=\"og:locale\" content=\"en_US\" \/>\n<meta property=\"og:type\" content=\"article\" \/>\n<meta property=\"og:title\" content=\"L&#039;African MMA F\u00e9d\u00e9ration C\u00f4te d&#039;Ivoire (AMF-CI) ouvre l\u2019\u00e8re internationale du MMA ivoirien - African MMA League\" \/>\n<meta property=\"og:description\" content=\"La C\u00f4te d\u2019Ivoire participera pour la premi\u00e8re fois \u00e0 une comp\u00e9tition internationale de MMA organis\u00e9e par l\u2019International Mixed Martial Arts Federation (IMMAF) en avril 2026 \u00e0 Luanda, en Angola. Cette organisation a adress\u00e9 une invitation officielle \u00e0 l\u2019African MMA Federation, section C\u00f4te d\u2019Ivoire (AMF-CI), dirig\u00e9e par Isma\u00ebl Bakayoko, afin de constituer une \u00e9quipe pour cette &hellip; L&rsquo;African MMA F\u00e9d\u00e9ration C\u00f4te d&rsquo;Ivoire (AMF-CI) ouvre l\u2019\u00e8re internationale du MMA ivoirien Read More \u00bb\" \/>\n<meta property=\"og:url\" content=\"https:\/\/aml-ci.com\/en\/https-www-linfodrome-com-sport-118165-l-african-mma-federation-cote-d-ivoire-amf-ci-ouvre-l-ere-internationale-du-mma-ivoirien\/\" \/>\n<meta property=\"og:site_name\" content=\"African MMA League\" \/>\n<meta property=\"article:publisher\" content=\"https:\/\/web.facebook.com\/people\/African-MMA-League\/100093224844051\/\" \/>\n<meta property=\"article:published_time\" content=\"2026-02-13T18:24:43+00:00\" \/>\n<meta property=\"article:modified_time\" content=\"2026-02-13T18:36:30+00:00\" \/>\n<meta property=\"og:image\" content=\"https:\/\/aml-ci.com\/wp-content\/uploads\/2026\/02\/118165-whatsapp-image-2026-02-09-at-102821.webp\" \/>\n\t<meta property=\"og:image:width\" content=\"1080\" \/>\n\t<meta property=\"og:image:height\" content=\"608\" \/>\n\t<meta property=\"og:image:type\" content=\"image\/webp\" \/>\n<meta name=\"author\" content=\"lamine\" \/>\n<meta name=\"twitter:card\" content=\"summary_large_image\" \/>\n<meta name=\"twitter:creator\" content=\"@aml_cl\" \/>\n<meta name=\"twitter:site\" content=\"@aml_cl\" \/>\n<meta name=\"twitter:label1\" content=\"Written by\" \/>\n\t<meta name=\"twitter:data1\" content=\"lamine\" \/>\n\t<meta name=\"twitter:label2\" content=\"Est. reading time\" \/>\n\t<meta name=\"twitter:data2\" content=\"1 minute\" \/>\n<script type=\"application\/ld+json\" class=\"yoast-schema-graph\">{\"@context\":\"https:\\\/\\\/schema.org\",\"@graph\":[{\"@type\":\"Article\",\"@id\":\"https:\\\/\\\/aml-ci.com\\\/https-www-linfodrome-com-sport-118165-l-african-mma-federation-cote-d-ivoire-amf-ci-ouvre-l-ere-internationale-du-mma-ivoirien\\\/#article\",\"isPartOf\":{\"@id\":\"https:\\\/\\\/aml-ci.com\\\/https-www-linfodrome-com-sport-118165-l-african-mma-federation-cote-d-ivoire-amf-ci-ouvre-l-ere-internationale-du-mma-ivoirien\\\/\"},\"author\":{\"name\":\"lamine\",\"@id\":\"https:\\\/\\\/aml-ci.com\\\/#\\\/schema\\\/person\\\/4b54134d6160d04e8609b201f418577d\"},\"headline\":\"L&rsquo;African MMA F\u00e9d\u00e9ration C\u00f4te d&rsquo;Ivoire (AMF-CI) ouvre l\u2019\u00e8re internationale du MMA ivoirien\",\"datePublished\":\"2026-02-13T18:24:43+00:00\",\"dateModified\":\"2026-02-13T18:36:30+00:00\",\"mainEntityOfPage\":{\"@id\":\"https:\\\/\\\/aml-ci.com\\\/https-www-linfodrome-com-sport-118165-l-african-mma-federation-cote-d-ivoire-amf-ci-ouvre-l-ere-internationale-du-mma-ivoirien\\\/\"},\"wordCount\":143,\"commentCount\":0,\"publisher\":{\"@id\":\"https:\\\/\\\/aml-ci.com\\\/#organization\"},\"image\":{\"@id\":\"https:\\\/\\\/aml-ci.com\\\/https-www-linfodrome-com-sport-118165-l-african-mma-federation-cote-d-ivoire-amf-ci-ouvre-l-ere-internationale-du-mma-ivoirien\\\/#primaryimage\"},\"thumbnailUrl\":\"https:\\\/\\\/aml-ci.com\\\/wp-content\\\/uploads\\\/2026\\\/02\\\/118165-whatsapp-image-2026-02-09-at-102821.webp\",\"articleSection\":[\"Presses\"],\"inLanguage\":\"en-US\",\"potentialAction\":[{\"@type\":\"CommentAction\",\"name\":\"Comment\",\"target\":[\"https:\\\/\\\/aml-ci.com\\\/https-www-linfodrome-com-sport-118165-l-african-mma-federation-cote-d-ivoire-amf-ci-ouvre-l-ere-internationale-du-mma-ivoirien\\\/#respond\"]}]},{\"@type\":\"WebPage\",\"@id\":\"https:\\\/\\\/aml-ci.com\\\/https-www-linfodrome-com-sport-118165-l-african-mma-federation-cote-d-ivoire-amf-ci-ouvre-l-ere-internationale-du-mma-ivoirien\\\/\",\"url\":\"https:\\\/\\\/aml-ci.com\\\/https-www-linfodrome-com-sport-118165-l-african-mma-federation-cote-d-ivoire-amf-ci-ouvre-l-ere-internationale-du-mma-ivoirien\\\/\",\"name\":\"L'African MMA F\u00e9d\u00e9ration C\u00f4te d'Ivoire (AMF-CI) ouvre l\u2019\u00e8re internationale du MMA ivoirien - African MMA League\",\"isPartOf\":{\"@id\":\"https:\\\/\\\/aml-ci.com\\\/#website\"},\"primaryImageOfPage\":{\"@id\":\"https:\\\/\\\/aml-ci.com\\\/https-www-linfodrome-com-sport-118165-l-african-mma-federation-cote-d-ivoire-amf-ci-ouvre-l-ere-internationale-du-mma-ivoirien\\\/#primaryimage\"},\"image\":{\"@id\":\"https:\\\/\\\/aml-ci.com\\\/https-www-linfodrome-com-sport-118165-l-african-mma-federation-cote-d-ivoire-amf-ci-ouvre-l-ere-internationale-du-mma-ivoirien\\\/#primaryimage\"},\"thumbnailUrl\":\"https:\\\/\\\/aml-ci.com\\\/wp-content\\\/uploads\\\/2026\\\/02\\\/118165-whatsapp-image-2026-02-09-at-102821.webp\",\"datePublished\":\"2026-02-13T18:24:43+00:00\",\"dateModified\":\"2026-02-13T18:36:30+00:00\",\"breadcrumb\":{\"@id\":\"https:\\\/\\\/aml-ci.com\\\/https-www-linfodrome-com-sport-118165-l-african-mma-federation-cote-d-ivoire-amf-ci-ouvre-l-ere-internationale-du-mma-ivoirien\\\/#breadcrumb\"},\"inLanguage\":\"en-US\",\"potentialAction\":[{\"@type\":\"ReadAction\",\"target\":[\"https:\\\/\\\/aml-ci.com\\\/https-www-linfodrome-com-sport-118165-l-african-mma-federation-cote-d-ivoire-amf-ci-ouvre-l-ere-internationale-du-mma-ivoirien\\\/\"]}]},{\"@type\":\"ImageObject\",\"inLanguage\":\"en-US\",\"@id\":\"https:\\\/\\\/aml-ci.com\\\/https-www-linfodrome-com-sport-118165-l-african-mma-federation-cote-d-ivoire-amf-ci-ouvre-l-ere-internationale-du-mma-ivoirien\\\/#primaryimage\",\"url\":\"https:\\\/\\\/aml-ci.com\\\/wp-content\\\/uploads\\\/2026\\\/02\\\/118165-whatsapp-image-2026-02-09-at-102821.webp\",\"contentUrl\":\"https:\\\/\\\/aml-ci.com\\\/wp-content\\\/uploads\\\/2026\\\/02\\\/118165-whatsapp-image-2026-02-09-at-102821.webp\",\"width\":1080,\"height\":608},{\"@type\":\"BreadcrumbList\",\"@id\":\"https:\\\/\\\/aml-ci.com\\\/https-www-linfodrome-com-sport-118165-l-african-mma-federation-cote-d-ivoire-amf-ci-ouvre-l-ere-internationale-du-mma-ivoirien\\\/#breadcrumb\",\"itemListElement\":[{\"@type\":\"ListItem\",\"position\":1,\"name\":\"Home\",\"item\":\"https:\\\/\\\/aml-ci.com\\\/\"},{\"@type\":\"ListItem\",\"position\":2,\"name\":\"L&#8217;African MMA F\u00e9d\u00e9ration C\u00f4te d&#8217;Ivoire (AMF-CI) ouvre l\u2019\u00e8re internationale du MMA ivoirien\"}]},{\"@type\":\"WebSite\",\"@id\":\"https:\\\/\\\/aml-ci.com\\\/#website\",\"url\":\"https:\\\/\\\/aml-ci.com\\\/\",\"name\":\"African MMA League\",\"description\":\"AML\",\"publisher\":{\"@id\":\"https:\\\/\\\/aml-ci.com\\\/#organization\"},\"potentialAction\":[{\"@type\":\"SearchAction\",\"target\":{\"@type\":\"EntryPoint\",\"urlTemplate\":\"https:\\\/\\\/aml-ci.com\\\/?s={search_term_string}\"},\"query-input\":{\"@type\":\"PropertyValueSpecification\",\"valueRequired\":true,\"valueName\":\"search_term_string\"}}],\"inLanguage\":\"en-US\"},{\"@type\":\"Organization\",\"@id\":\"https:\\\/\\\/aml-ci.com\\\/#organization\",\"name\":\"African MMA League\",\"url\":\"https:\\\/\\\/aml-ci.com\\\/\",\"logo\":{\"@type\":\"ImageObject\",\"inLanguage\":\"en-US\",\"@id\":\"https:\\\/\\\/aml-ci.com\\\/#\\\/schema\\\/logo\\\/image\\\/\",\"url\":\"https:\\\/\\\/aml-ci.com\\\/wp-content\\\/uploads\\\/2023\\\/01\\\/African-MMA-League-02-4-2-e1676899237520.png\",\"contentUrl\":\"https:\\\/\\\/aml-ci.com\\\/wp-content\\\/uploads\\\/2023\\\/01\\\/African-MMA-League-02-4-2-e1676899237520.png\",\"width\":1165,\"height\":480,\"caption\":\"African MMA League\"},\"image\":{\"@id\":\"https:\\\/\\\/aml-ci.com\\\/#\\\/schema\\\/logo\\\/image\\\/\"},\"sameAs\":[\"https:\\\/\\\/web.facebook.com\\\/people\\\/African-MMA-League\\\/100093224844051\\\/\",\"https:\\\/\\\/x.com\\\/aml_cl\",\"https:\\\/\\\/www.tiktok.com\\\/@africanmmaleague\",\"https:\\\/\\\/www.youtube.com\\\/@AfricanMMALeague\"]},{\"@type\":\"Person\",\"@id\":\"https:\\\/\\\/aml-ci.com\\\/#\\\/schema\\\/person\\\/4b54134d6160d04e8609b201f418577d\",\"name\":\"lamine\",\"image\":{\"@type\":\"ImageObject\",\"inLanguage\":\"en-US\",\"@id\":\"https:\\\/\\\/secure.gravatar.com\\\/avatar\\\/6ea4197fe8fdee711c55fcedc88506c5b4a41d7cc4a6897168a8fcae72a60be9?s=96&d=mm&r=g\",\"url\":\"https:\\\/\\\/secure.gravatar.com\\\/avatar\\\/6ea4197fe8fdee711c55fcedc88506c5b4a41d7cc4a6897168a8fcae72a60be9?s=96&d=mm&r=g\",\"contentUrl\":\"https:\\\/\\\/secure.gravatar.com\\\/avatar\\\/6ea4197fe8fdee711c55fcedc88506c5b4a41d7cc4a6897168a8fcae72a60be9?s=96&d=mm&r=g\",\"caption\":\"lamine\"},\"url\":\"https:\\\/\\\/aml-ci.com\\\/en\\\/author\\\/lamine\\\/\"}]}<\/script>\n<!-- \/ Yoast SEO plugin. -->","yoast_head_json":{"title":"L'African MMA F\u00e9d\u00e9ration C\u00f4te d'Ivoire (AMF-CI) ouvre l\u2019\u00e8re internationale du MMA ivoirien - African MMA League","robots":{"index":"index","follow":"follow","max-snippet":"max-snippet:-1","max-image-preview":"max-image-preview:large","max-video-preview":"max-video-preview:-1"},"canonical":"https:\/\/aml-ci.com\/en\/https-www-linfodrome-com-sport-118165-l-african-mma-federation-cote-d-ivoire-amf-ci-ouvre-l-ere-internationale-du-mma-ivoirien\/","og_locale":"en_US","og_type":"article","og_title":"L'African MMA F\u00e9d\u00e9ration C\u00f4te d'Ivoire (AMF-CI) ouvre l\u2019\u00e8re internationale du MMA ivoirien - African MMA League","og_description":"La C\u00f4te d\u2019Ivoire participera pour la premi\u00e8re fois \u00e0 une comp\u00e9tition internationale de MMA organis\u00e9e par l\u2019International Mixed Martial Arts Federation (IMMAF) en avril 2026 \u00e0 Luanda, en Angola. Cette organisation a adress\u00e9 une invitation officielle \u00e0 l\u2019African MMA Federation, section C\u00f4te d\u2019Ivoire (AMF-CI), dirig\u00e9e par Isma\u00ebl Bakayoko, afin de constituer une \u00e9quipe pour cette &hellip; L&rsquo;African MMA F\u00e9d\u00e9ration C\u00f4te d&rsquo;Ivoire (AMF-CI) ouvre l\u2019\u00e8re internationale du MMA ivoirien Read More \u00bb","og_url":"https:\/\/aml-ci.com\/en\/https-www-linfodrome-com-sport-118165-l-african-mma-federation-cote-d-ivoire-amf-ci-ouvre-l-ere-internationale-du-mma-ivoirien\/","og_site_name":"African MMA League","article_publisher":"https:\/\/web.facebook.com\/people\/African-MMA-League\/100093224844051\/","article_published_time":"2026-02-13T18:24:43+00:00","article_modified_time":"2026-02-13T18:36:30+00:00","og_image":[{"width":1080,"height":608,"url":"https:\/\/aml-ci.com\/wp-content\/uploads\/2026\/02\/118165-whatsapp-image-2026-02-09-at-102821.webp","type":"image\/webp"}],"author":"lamine","twitter_card":"summary_large_image","twitter_creator":"@aml_cl","twitter_site":"@aml_cl","twitter_misc":{"Written by":"lamine","Est. reading time":"1 minute"},"schema":{"@context":"https:\/\/schema.org","@graph":[{"@type":"Article","@id":"https:\/\/aml-ci.com\/https-www-linfodrome-com-sport-118165-l-african-mma-federation-cote-d-ivoire-amf-ci-ouvre-l-ere-internationale-du-mma-ivoirien\/#article","isPartOf":{"@id":"https:\/\/aml-ci.com\/https-www-linfodrome-com-sport-118165-l-african-mma-federation-cote-d-ivoire-amf-ci-ouvre-l-ere-internationale-du-mma-ivoirien\/"},"author":{"name":"lamine","@id":"https:\/\/aml-ci.com\/#\/schema\/person\/4b54134d6160d04e8609b201f418577d"},"headline":"L&rsquo;African MMA F\u00e9d\u00e9ration C\u00f4te d&rsquo;Ivoire (AMF-CI) ouvre l\u2019\u00e8re internationale du MMA ivoirien","datePublished":"2026-02-13T18:24:43+00:00","dateModified":"2026-02-13T18:36:30+00:00","mainEntityOfPage":{"@id":"https:\/\/aml-ci.com\/https-www-linfodrome-com-sport-118165-l-african-mma-federation-cote-d-ivoire-amf-ci-ouvre-l-ere-internationale-du-mma-ivoirien\/"},"wordCount":143,"commentCount":0,"publisher":{"@id":"https:\/\/aml-ci.com\/#organization"},"image":{"@id":"https:\/\/aml-ci.com\/https-www-linfodrome-com-sport-118165-l-african-mma-federation-cote-d-ivoire-amf-ci-ouvre-l-ere-internationale-du-mma-ivoirien\/#primaryimage"},"thumbnailUrl":"https:\/\/aml-ci.com\/wp-content\/uploads\/2026\/02\/118165-whatsapp-image-2026-02-09-at-102821.webp","articleSection":["Presses"],"inLanguage":"en-US","potentialAction":[{"@type":"CommentAction","name":"Comment","target":["https:\/\/aml-ci.com\/https-www-linfodrome-com-sport-118165-l-african-mma-federation-cote-d-ivoire-amf-ci-ouvre-l-ere-internationale-du-mma-ivoirien\/#respond"]}]},{"@type":"WebPage","@id":"https:\/\/aml-ci.com\/https-www-linfodrome-com-sport-118165-l-african-mma-federation-cote-d-ivoire-amf-ci-ouvre-l-ere-internationale-du-mma-ivoirien\/","url":"https:\/\/aml-ci.com\/https-www-linfodrome-com-sport-118165-l-african-mma-federation-cote-d-ivoire-amf-ci-ouvre-l-ere-internationale-du-mma-ivoirien\/","name":"L'African MMA F\u00e9d\u00e9ration C\u00f4te d'Ivoire (AMF-CI) ouvre l\u2019\u00e8re internationale du MMA ivoirien - African MMA League","isPartOf":{"@id":"https:\/\/aml-ci.com\/#website"},"primaryImageOfPage":{"@id":"https:\/\/aml-ci.com\/https-www-linfodrome-com-sport-118165-l-african-mma-federation-cote-d-ivoire-amf-ci-ouvre-l-ere-internationale-du-mma-ivoirien\/#primaryimage"},"image":{"@id":"https:\/\/aml-ci.com\/https-www-linfodrome-com-sport-118165-l-african-mma-federation-cote-d-ivoire-amf-ci-ouvre-l-ere-internationale-du-mma-ivoirien\/#primaryimage"},"thumbnailUrl":"https:\/\/aml-ci.com\/wp-content\/uploads\/2026\/02\/118165-whatsapp-image-2026-02-09-at-102821.webp","datePublished":"2026-02-13T18:24:43+00:00","dateModified":"2026-02-13T18:36:30+00:00","breadcrumb":{"@id":"https:\/\/aml-ci.com\/https-www-linfodrome-com-sport-118165-l-african-mma-federation-cote-d-ivoire-amf-ci-ouvre-l-ere-internationale-du-mma-ivoirien\/#breadcrumb"},"inLanguage":"en-US","potentialAction":[{"@type":"ReadAction","target":["https:\/\/aml-ci.com\/https-www-linfodrome-com-sport-118165-l-african-mma-federation-cote-d-ivoire-amf-ci-ouvre-l-ere-internationale-du-mma-ivoirien\/"]}]},{"@type":"ImageObject","inLanguage":"en-US","@id":"https:\/\/aml-ci.com\/https-www-linfodrome-com-sport-118165-l-african-mma-federation-cote-d-ivoire-amf-ci-ouvre-l-ere-internationale-du-mma-ivoirien\/#primaryimage","url":"https:\/\/aml-ci.com\/wp-content\/uploads\/2026\/02\/118165-whatsapp-image-2026-02-09-at-102821.webp","contentUrl":"https:\/\/aml-ci.com\/wp-content\/uploads\/2026\/02\/118165-whatsapp-image-2026-02-09-at-102821.webp","width":1080,"height":608},{"@type":"BreadcrumbList","@id":"https:\/\/aml-ci.com\/https-www-linfodrome-com-sport-118165-l-african-mma-federation-cote-d-ivoire-amf-ci-ouvre-l-ere-internationale-du-mma-ivoirien\/#breadcrumb","itemListElement":[{"@type":"ListItem","position":1,"name":"Home","item":"https:\/\/aml-ci.com\/"},{"@type":"ListItem","position":2,"name":"L&#8217;African MMA F\u00e9d\u00e9ration C\u00f4te d&#8217;Ivoire (AMF-CI) ouvre l\u2019\u00e8re internationale du MMA ivoirien"}]},{"@type":"WebSite","@id":"https:\/\/aml-ci.com\/#website","url":"https:\/\/aml-ci.com\/","name":"African MMA League","description":"AML","publisher":{"@id":"https:\/\/aml-ci.com\/#organization"},"potentialAction":[{"@type":"SearchAction","target":{"@type":"EntryPoint","urlTemplate":"https:\/\/aml-ci.com\/?s={search_term_string}"},"query-input":{"@type":"PropertyValueSpecification","valueRequired":true,"valueName":"search_term_string"}}],"inLanguage":"en-US"},{"@type":"Organization","@id":"https:\/\/aml-ci.com\/#organization","name":"African MMA League","url":"https:\/\/aml-ci.com\/","logo":{"@type":"ImageObject","inLanguage":"en-US","@id":"https:\/\/aml-ci.com\/#\/schema\/logo\/image\/","url":"https:\/\/aml-ci.com\/wp-content\/uploads\/2023\/01\/African-MMA-League-02-4-2-e1676899237520.png","contentUrl":"https:\/\/aml-ci.com\/wp-content\/uploads\/2023\/01\/African-MMA-League-02-4-2-e1676899237520.png","width":1165,"height":480,"caption":"African MMA League"},"image":{"@id":"https:\/\/aml-ci.com\/#\/schema\/logo\/image\/"},"sameAs":["https:\/\/web.facebook.com\/people\/African-MMA-League\/100093224844051\/","https:\/\/x.com\/aml_cl","https:\/\/www.tiktok.com\/@africanmmaleague","https:\/\/www.youtube.com\/@AfricanMMALeague"]},{"@type":"Person","@id":"https:\/\/aml-ci.com\/#\/schema\/person\/4b54134d6160d04e8609b201f418577d","name":"lamine","image":{"@type":"ImageObject","inLanguage":"en-US","@id":"https:\/\/secure.gravatar.com\/avatar\/6ea4197fe8fdee711c55fcedc88506c5b4a41d7cc4a6897168a8fcae72a60be9?s=96&d=mm&r=g","url":"https:\/\/secure.gravatar.com\/avatar\/6ea4197fe8fdee711c55fcedc88506c5b4a41d7cc4a6897168a8fcae72a60be9?s=96&d=mm&r=g","contentUrl":"https:\/\/secure.gravatar.com\/avatar\/6ea4197fe8fdee711c55fcedc88506c5b4a41d7cc4a6897168a8fcae72a60be9?s=96&d=mm&r=g","caption":"lamine"},"url":"https:\/\/aml-ci.com\/en\/author\/lamine\/"}]}},"_links":{"self":[{"href":"https:\/\/aml-ci.com\/en\/wp-json\/wp\/v2\/posts\/9828","targetHints":{"allow":["GET"]}}],"collection":[{"href":"https:\/\/aml-ci.com\/en\/wp-json\/wp\/v2\/posts"}],"about":[{"href":"https:\/\/aml-ci.com\/en\/wp-json\/wp\/v2\/types\/post"}],"author":[{"embeddable":true,"href":"https:\/\/aml-ci.com\/en\/wp-json\/wp\/v2\/users\/5"}],"replies":[{"embeddable":true,"href":"https:\/\/aml-ci.com\/en\/wp-json\/wp\/v2\/comments?post=9828"}],"version-history":[{"count":6,"href":"https:\/\/aml-ci.com\/en\/wp-json\/wp\/v2\/posts\/9828\/revisions"}],"predecessor-version":[{"id":9835,"href":"https:\/\/aml-ci.com\/en\/wp-json\/wp\/v2\/posts\/9828\/revisions\/9835"}],"wp:featuredmedia":[{"embeddable":true,"href":"https:\/\/aml-ci.com\/en\/wp-json\/wp\/v2\/media\/9829"}],"wp:attachment":[{"href":"https:\/\/aml-ci.com\/en\/wp-json\/wp\/v2\/media?parent=9828"}],"wp:term":[{"taxonomy":"category","embeddable":true,"href":"https:\/\/aml-ci.com\/en\/wp-json\/wp\/v2\/categories?post=9828"},{"taxonomy":"post_tag","embeddable":true,"href":"https:\/\/aml-ci.com\/en\/wp-json\/wp\/v2\/tags?post=9828"}],"curies":[{"name":"wp","href":"https:\/\/api.w.org\/{rel}","templated":true}]}}