{"id":9650,"date":"2025-09-15T23:12:33","date_gmt":"2025-09-15T18:12:33","guid":{"rendered":"https:\/\/aml-ci.com\/?p=9650"},"modified":"2025-09-15T23:56:11","modified_gmt":"2025-09-15T18:56:11","slug":"mma-a-travers-de-combats-laml-prone-des-elections-apaisees","status":"publish","type":"post","link":"https:\/\/aml-ci.com\/en\/mma-a-travers-de-combats-laml-prone-des-elections-apaisees\/","title":{"rendered":"MMA\u00a0: A travers des combats, l&rsquo;AML pr\u00f4ne des \u00e9lections apais\u00e9es !"},"content":{"rendered":"<div data-elementor-type=\"wp-post\" data-elementor-id=\"9650\" class=\"elementor elementor-9650\">\n\t\t\t\t\t\t<section class=\"elementor-section elementor-top-section elementor-element elementor-element-560904c elementor-section-boxed elementor-section-height-default elementor-section-height-default\" data-id=\"560904c\" data-element_type=\"section\" data-e-type=\"section\">\n\t\t\t\t\t\t<div class=\"elementor-container elementor-column-gap-default\">\n\t\t\t\t\t<div class=\"elementor-column elementor-col-100 elementor-top-column elementor-element elementor-element-66911c6\" data-id=\"66911c6\" data-element_type=\"column\" data-e-type=\"column\">\n\t\t\t<div class=\"elementor-widget-wrap elementor-element-populated\">\n\t\t\t\t\t\t<div class=\"elementor-element elementor-element-806f7d7 dce_masking-none elementor-widget elementor-widget-image\" data-id=\"806f7d7\" data-element_type=\"widget\" data-e-type=\"widget\" data-widget_type=\"image.default\">\n\t\t\t\t<div class=\"elementor-widget-container\">\n\t\t\t\t\t\t\t\t\t\t\t\t\t\t\t<img fetchpriority=\"high\" decoding=\"async\" width=\"650\" height=\"415\" src=\"https:\/\/aml-ci.com\/wp-content\/uploads\/2025\/09\/AML_7.jpg\" class=\"attachment-large size-large wp-image-9651\" alt=\"\" srcset=\"https:\/\/aml-ci.com\/wp-content\/uploads\/2025\/09\/AML_7.jpg 650w, https:\/\/aml-ci.com\/wp-content\/uploads\/2025\/09\/AML_7-18x12.jpg 18w\" sizes=\"(max-width: 650px) 100vw, 650px\" \/>\t\t\t\t\t\t\t\t\t\t\t\t\t\t\t<\/div>\n\t\t\t\t<\/div>\n\t\t\t\t<div class=\"elementor-element elementor-element-f201c67 elementor-widget elementor-widget-text-editor\" data-id=\"f201c67\" data-element_type=\"widget\" data-e-type=\"widget\" data-widget_type=\"text-editor.default\">\n\t\t\t\t<div class=\"elementor-widget-container\">\n\t\t\t\t\t\t\t\t\t<p class=\"rtejustify\" style=\"margin-bottom: 20px; font-style: normal; font-variant-numeric: inherit; font-variant-east-asian: inherit; font-variant-alternates: inherit; font-variant-position: inherit; font-variant-emoji: inherit; font-weight: 400; font-stretch: inherit; font-size: 15px; line-height: inherit; font-family: Lato, 'Helvetica Neue', Helvetica, Arial, sans-serif; font-optical-sizing: inherit; font-size-adjust: inherit; font-kerning: inherit; font-feature-settings: inherit; font-variation-settings: inherit; text-align: justify; color: #4e443c;\">En pr\u00e9lude aux \u00e9lections et \u00e0 la 8\u00e8 \u00e9dition de la l&rsquo;AML Championship, Isma\u00ebl Bakayoko et son partenaire phare 1XBET ont donn\u00e9 rendez-vous aux f\u00e9rus du MMA afin de vivre des combats en plein air mais surtout s&rsquo;engager du c\u00f4t\u00e9 de la paix. Durant 48h, la Peace Cup combat de la paix sera dans la cit\u00e9 de Yopougon.<\/p><p class=\"rtejustify\" style=\"margin-bottom: 20px; font-style: normal; font-variant-numeric: inherit; font-variant-east-asian: inherit; font-variant-alternates: inherit; font-variant-position: inherit; font-variant-emoji: inherit; font-weight: 400; font-stretch: inherit; font-size: 15px; line-height: inherit; font-family: Lato, 'Helvetica Neue', Helvetica, Arial, sans-serif; font-optical-sizing: inherit; font-size-adjust: inherit; font-kerning: inherit; font-feature-settings: inherit; font-variation-settings: inherit; text-align: justify; color: #4e443c;\">Avant la grande finale de la l&rsquo;AML 08, huit influenceurs du site de pari dont Jules Beco, Jo TNT ou encore Kebaro vont coacher des athl\u00e8tes inscrits dans la ligue qui se d\u00e9fieront dans la cage pour tenter de remporter la coquette somme d&rsquo;un million de FCFA. Au nom de paix, ses influenceurs ont d\u00e9cid\u00e9 d&rsquo;associer leur image \u00e0 cet \u00e9v\u00e9nement qui a d\u00e9marr\u00e9 ce samedi 13 septembre.<\/p><p class=\"rtejustify\" style=\"margin-bottom: 20px; font-style: normal; font-variant-numeric: inherit; font-variant-east-asian: inherit; font-variant-alternates: inherit; font-variant-position: inherit; font-variant-emoji: inherit; font-weight: 400; font-stretch: inherit; font-size: 15px; line-height: inherit; font-family: Lato, 'Helvetica Neue', Helvetica, Arial, sans-serif; font-optical-sizing: inherit; font-size-adjust: inherit; font-kerning: inherit; font-feature-settings: inherit; font-variation-settings: inherit; text-align: justify; color: #4e443c;\">\u00a0<\/p>\t\t\t\t\t\t\t\t<\/div>\n\t\t\t\t<\/div>\n\t\t\t\t\t<\/div>\n\t\t<\/div>\n\t\t\t\t\t<\/div>\n\t\t<\/section>\n\t\t\t\t<\/div>","protected":false},"excerpt":{"rendered":"<p>En pr\u00e9lude aux \u00e9lections et \u00e0 la 8\u00e8 \u00e9dition de la l&rsquo;AML Championship, Isma\u00ebl Bakayoko et son partenaire phare 1XBET ont donn\u00e9 rendez-vous aux f\u00e9rus du MMA afin de vivre des combats en plein air mais surtout s&rsquo;engager du c\u00f4t\u00e9 de la paix. Durant 48h, la Peace Cup combat de la paix sera dans la &hellip;<\/p>\n<p class=\"read-more\"> <a class=\"\" href=\"https:\/\/aml-ci.com\/en\/mma-a-travers-de-combats-laml-prone-des-elections-apaisees\/\"> <span class=\"screen-reader-text\">MMA\u00a0: A travers des combats, l&rsquo;AML pr\u00f4ne des \u00e9lections apais\u00e9es !<\/span> Read More \u00bb<\/a><\/p>","protected":false},"author":5,"featured_media":9651,"comment_status":"open","ping_status":"open","sticky":false,"template":"","format":"standard","meta":{"site-sidebar-layout":"default","site-content-layout":"","ast-site-content-layout":"default","site-content-style":"default","site-sidebar-style":"default","ast-global-header-display":"","ast-banner-title-visibility":"","ast-main-header-display":"","ast-hfb-above-header-display":"","ast-hfb-below-header-display":"","ast-hfb-mobile-header-display":"","site-post-title":"","ast-breadcrumbs-content":"","ast-featured-img":"disabled","footer-sml-layout":"","theme-transparent-header-meta":"","adv-header-id-meta":"","stick-header-meta":"","header-above-stick-meta":"","header-main-stick-meta":"","header-below-stick-meta":"","astra-migrate-meta-layouts":"set","footnotes":""},"categories":[1],"tags":[],"class_list":["post-9650","post","type-post","status-publish","format-standard","has-post-thumbnail","hentry","category-https-sport-ivoire-ci-autres-sports-arts-martiaux-aml-06-samo-samo-battu-moussa-sounkara"],"acf":[],"yoast_head":"<!-- This site is optimized with the Yoast SEO plugin v27.4 - https:\/\/yoast.com\/product\/yoast-seo-wordpress\/ -->\n<title>MMA\u00a0: A travers des combats, l&#039;AML pr\u00f4ne des \u00e9lections apais\u00e9es ! - African MMA League<\/title>\n<meta name=\"robots\" content=\"index, follow, max-snippet:-1, max-image-preview:large, max-video-preview:-1\" \/>\n<link rel=\"canonical\" href=\"https:\/\/aml-ci.com\/en\/mma-a-travers-de-combats-laml-prone-des-elections-apaisees\/\" \/>\n<meta property=\"og:locale\" content=\"en_US\" \/>\n<meta property=\"og:type\" content=\"article\" \/>\n<meta property=\"og:title\" content=\"MMA\u00a0: A travers des combats, l&#039;AML pr\u00f4ne des \u00e9lections apais\u00e9es ! - African MMA League\" \/>\n<meta property=\"og:description\" content=\"En pr\u00e9lude aux \u00e9lections et \u00e0 la 8\u00e8 \u00e9dition de la l&rsquo;AML Championship, Isma\u00ebl Bakayoko et son partenaire phare 1XBET ont donn\u00e9 rendez-vous aux f\u00e9rus du MMA afin de vivre des combats en plein air mais surtout s&rsquo;engager du c\u00f4t\u00e9 de la paix. Durant 48h, la Peace Cup combat de la paix sera dans la &hellip; MMA\u00a0: A travers des combats, l&rsquo;AML pr\u00f4ne des \u00e9lections apais\u00e9es ! Read More \u00bb\" \/>\n<meta property=\"og:url\" content=\"https:\/\/aml-ci.com\/en\/mma-a-travers-de-combats-laml-prone-des-elections-apaisees\/\" \/>\n<meta property=\"og:site_name\" content=\"African MMA League\" \/>\n<meta property=\"article:publisher\" content=\"https:\/\/web.facebook.com\/people\/African-MMA-League\/100093224844051\/\" \/>\n<meta property=\"article:published_time\" content=\"2025-09-15T18:12:33+00:00\" \/>\n<meta property=\"article:modified_time\" content=\"2025-09-15T18:56:11+00:00\" \/>\n<meta property=\"og:image\" content=\"https:\/\/aml-ci.com\/wp-content\/uploads\/2025\/09\/AML_7.jpg\" \/>\n\t<meta property=\"og:image:width\" content=\"650\" \/>\n\t<meta property=\"og:image:height\" content=\"415\" \/>\n\t<meta property=\"og:image:type\" content=\"image\/jpeg\" \/>\n<meta name=\"author\" content=\"lamine\" \/>\n<meta name=\"twitter:card\" content=\"summary_large_image\" \/>\n<meta name=\"twitter:creator\" content=\"@aml_cl\" \/>\n<meta name=\"twitter:site\" content=\"@aml_cl\" \/>\n<meta name=\"twitter:label1\" content=\"Written by\" \/>\n\t<meta name=\"twitter:data1\" content=\"lamine\" \/>\n\t<meta name=\"twitter:label2\" content=\"Est. reading time\" \/>\n\t<meta name=\"twitter:data2\" content=\"1 minute\" \/>\n<script type=\"application\/ld+json\" class=\"yoast-schema-graph\">{\"@context\":\"https:\\\/\\\/schema.org\",\"@graph\":[{\"@type\":\"Article\",\"@id\":\"https:\\\/\\\/aml-ci.com\\\/mma-a-travers-de-combats-laml-prone-des-elections-apaisees\\\/#article\",\"isPartOf\":{\"@id\":\"https:\\\/\\\/aml-ci.com\\\/mma-a-travers-de-combats-laml-prone-des-elections-apaisees\\\/\"},\"author\":{\"name\":\"lamine\",\"@id\":\"https:\\\/\\\/aml-ci.com\\\/#\\\/schema\\\/person\\\/4b54134d6160d04e8609b201f418577d\"},\"headline\":\"MMA\u00a0: A travers des combats, l&rsquo;AML pr\u00f4ne des \u00e9lections apais\u00e9es !\",\"datePublished\":\"2025-09-15T18:12:33+00:00\",\"dateModified\":\"2025-09-15T18:56:11+00:00\",\"mainEntityOfPage\":{\"@id\":\"https:\\\/\\\/aml-ci.com\\\/mma-a-travers-de-combats-laml-prone-des-elections-apaisees\\\/\"},\"wordCount\":148,\"commentCount\":0,\"publisher\":{\"@id\":\"https:\\\/\\\/aml-ci.com\\\/#organization\"},\"image\":{\"@id\":\"https:\\\/\\\/aml-ci.com\\\/mma-a-travers-de-combats-laml-prone-des-elections-apaisees\\\/#primaryimage\"},\"thumbnailUrl\":\"https:\\\/\\\/aml-ci.com\\\/wp-content\\\/uploads\\\/2025\\\/09\\\/AML_7.jpg\",\"articleSection\":[\"Presses\"],\"inLanguage\":\"en-US\",\"potentialAction\":[{\"@type\":\"CommentAction\",\"name\":\"Comment\",\"target\":[\"https:\\\/\\\/aml-ci.com\\\/mma-a-travers-de-combats-laml-prone-des-elections-apaisees\\\/#respond\"]}]},{\"@type\":\"WebPage\",\"@id\":\"https:\\\/\\\/aml-ci.com\\\/mma-a-travers-de-combats-laml-prone-des-elections-apaisees\\\/\",\"url\":\"https:\\\/\\\/aml-ci.com\\\/mma-a-travers-de-combats-laml-prone-des-elections-apaisees\\\/\",\"name\":\"MMA\u00a0: A travers des combats, l'AML pr\u00f4ne des \u00e9lections apais\u00e9es ! - African MMA League\",\"isPartOf\":{\"@id\":\"https:\\\/\\\/aml-ci.com\\\/#website\"},\"primaryImageOfPage\":{\"@id\":\"https:\\\/\\\/aml-ci.com\\\/mma-a-travers-de-combats-laml-prone-des-elections-apaisees\\\/#primaryimage\"},\"image\":{\"@id\":\"https:\\\/\\\/aml-ci.com\\\/mma-a-travers-de-combats-laml-prone-des-elections-apaisees\\\/#primaryimage\"},\"thumbnailUrl\":\"https:\\\/\\\/aml-ci.com\\\/wp-content\\\/uploads\\\/2025\\\/09\\\/AML_7.jpg\",\"datePublished\":\"2025-09-15T18:12:33+00:00\",\"dateModified\":\"2025-09-15T18:56:11+00:00\",\"breadcrumb\":{\"@id\":\"https:\\\/\\\/aml-ci.com\\\/mma-a-travers-de-combats-laml-prone-des-elections-apaisees\\\/#breadcrumb\"},\"inLanguage\":\"en-US\",\"potentialAction\":[{\"@type\":\"ReadAction\",\"target\":[\"https:\\\/\\\/aml-ci.com\\\/mma-a-travers-de-combats-laml-prone-des-elections-apaisees\\\/\"]}]},{\"@type\":\"ImageObject\",\"inLanguage\":\"en-US\",\"@id\":\"https:\\\/\\\/aml-ci.com\\\/mma-a-travers-de-combats-laml-prone-des-elections-apaisees\\\/#primaryimage\",\"url\":\"https:\\\/\\\/aml-ci.com\\\/wp-content\\\/uploads\\\/2025\\\/09\\\/AML_7.jpg\",\"contentUrl\":\"https:\\\/\\\/aml-ci.com\\\/wp-content\\\/uploads\\\/2025\\\/09\\\/AML_7.jpg\",\"width\":650,\"height\":415},{\"@type\":\"BreadcrumbList\",\"@id\":\"https:\\\/\\\/aml-ci.com\\\/mma-a-travers-de-combats-laml-prone-des-elections-apaisees\\\/#breadcrumb\",\"itemListElement\":[{\"@type\":\"ListItem\",\"position\":1,\"name\":\"Home\",\"item\":\"https:\\\/\\\/aml-ci.com\\\/\"},{\"@type\":\"ListItem\",\"position\":2,\"name\":\"MMA\u00a0: A travers des combats, l&#8217;AML pr\u00f4ne des \u00e9lections apais\u00e9es !\"}]},{\"@type\":\"WebSite\",\"@id\":\"https:\\\/\\\/aml-ci.com\\\/#website\",\"url\":\"https:\\\/\\\/aml-ci.com\\\/\",\"name\":\"African MMA League\",\"description\":\"AML\",\"publisher\":{\"@id\":\"https:\\\/\\\/aml-ci.com\\\/#organization\"},\"potentialAction\":[{\"@type\":\"SearchAction\",\"target\":{\"@type\":\"EntryPoint\",\"urlTemplate\":\"https:\\\/\\\/aml-ci.com\\\/?s={search_term_string}\"},\"query-input\":{\"@type\":\"PropertyValueSpecification\",\"valueRequired\":true,\"valueName\":\"search_term_string\"}}],\"inLanguage\":\"en-US\"},{\"@type\":\"Organization\",\"@id\":\"https:\\\/\\\/aml-ci.com\\\/#organization\",\"name\":\"African MMA League\",\"url\":\"https:\\\/\\\/aml-ci.com\\\/\",\"logo\":{\"@type\":\"ImageObject\",\"inLanguage\":\"en-US\",\"@id\":\"https:\\\/\\\/aml-ci.com\\\/#\\\/schema\\\/logo\\\/image\\\/\",\"url\":\"https:\\\/\\\/aml-ci.com\\\/wp-content\\\/uploads\\\/2023\\\/01\\\/African-MMA-League-02-4-2-e1676899237520.png\",\"contentUrl\":\"https:\\\/\\\/aml-ci.com\\\/wp-content\\\/uploads\\\/2023\\\/01\\\/African-MMA-League-02-4-2-e1676899237520.png\",\"width\":1165,\"height\":480,\"caption\":\"African MMA League\"},\"image\":{\"@id\":\"https:\\\/\\\/aml-ci.com\\\/#\\\/schema\\\/logo\\\/image\\\/\"},\"sameAs\":[\"https:\\\/\\\/web.facebook.com\\\/people\\\/African-MMA-League\\\/100093224844051\\\/\",\"https:\\\/\\\/x.com\\\/aml_cl\",\"https:\\\/\\\/www.tiktok.com\\\/@africanmmaleague\",\"https:\\\/\\\/www.youtube.com\\\/@AfricanMMALeague\"]},{\"@type\":\"Person\",\"@id\":\"https:\\\/\\\/aml-ci.com\\\/#\\\/schema\\\/person\\\/4b54134d6160d04e8609b201f418577d\",\"name\":\"lamine\",\"image\":{\"@type\":\"ImageObject\",\"inLanguage\":\"en-US\",\"@id\":\"https:\\\/\\\/secure.gravatar.com\\\/avatar\\\/6ea4197fe8fdee711c55fcedc88506c5b4a41d7cc4a6897168a8fcae72a60be9?s=96&d=mm&r=g\",\"url\":\"https:\\\/\\\/secure.gravatar.com\\\/avatar\\\/6ea4197fe8fdee711c55fcedc88506c5b4a41d7cc4a6897168a8fcae72a60be9?s=96&d=mm&r=g\",\"contentUrl\":\"https:\\\/\\\/secure.gravatar.com\\\/avatar\\\/6ea4197fe8fdee711c55fcedc88506c5b4a41d7cc4a6897168a8fcae72a60be9?s=96&d=mm&r=g\",\"caption\":\"lamine\"},\"url\":\"https:\\\/\\\/aml-ci.com\\\/en\\\/author\\\/lamine\\\/\"}]}<\/script>\n<!-- \/ Yoast SEO plugin. -->","yoast_head_json":{"title":"MMA\u00a0: A travers des combats, l'AML pr\u00f4ne des \u00e9lections apais\u00e9es ! - African MMA League","robots":{"index":"index","follow":"follow","max-snippet":"max-snippet:-1","max-image-preview":"max-image-preview:large","max-video-preview":"max-video-preview:-1"},"canonical":"https:\/\/aml-ci.com\/en\/mma-a-travers-de-combats-laml-prone-des-elections-apaisees\/","og_locale":"en_US","og_type":"article","og_title":"MMA\u00a0: A travers des combats, l'AML pr\u00f4ne des \u00e9lections apais\u00e9es ! - African MMA League","og_description":"En pr\u00e9lude aux \u00e9lections et \u00e0 la 8\u00e8 \u00e9dition de la l&rsquo;AML Championship, Isma\u00ebl Bakayoko et son partenaire phare 1XBET ont donn\u00e9 rendez-vous aux f\u00e9rus du MMA afin de vivre des combats en plein air mais surtout s&rsquo;engager du c\u00f4t\u00e9 de la paix. Durant 48h, la Peace Cup combat de la paix sera dans la &hellip; MMA\u00a0: A travers des combats, l&rsquo;AML pr\u00f4ne des \u00e9lections apais\u00e9es ! Read More \u00bb","og_url":"https:\/\/aml-ci.com\/en\/mma-a-travers-de-combats-laml-prone-des-elections-apaisees\/","og_site_name":"African MMA League","article_publisher":"https:\/\/web.facebook.com\/people\/African-MMA-League\/100093224844051\/","article_published_time":"2025-09-15T18:12:33+00:00","article_modified_time":"2025-09-15T18:56:11+00:00","og_image":[{"width":650,"height":415,"url":"https:\/\/aml-ci.com\/wp-content\/uploads\/2025\/09\/AML_7.jpg","type":"image\/jpeg"}],"author":"lamine","twitter_card":"summary_large_image","twitter_creator":"@aml_cl","twitter_site":"@aml_cl","twitter_misc":{"Written by":"lamine","Est. reading time":"1 minute"},"schema":{"@context":"https:\/\/schema.org","@graph":[{"@type":"Article","@id":"https:\/\/aml-ci.com\/mma-a-travers-de-combats-laml-prone-des-elections-apaisees\/#article","isPartOf":{"@id":"https:\/\/aml-ci.com\/mma-a-travers-de-combats-laml-prone-des-elections-apaisees\/"},"author":{"name":"lamine","@id":"https:\/\/aml-ci.com\/#\/schema\/person\/4b54134d6160d04e8609b201f418577d"},"headline":"MMA\u00a0: A travers des combats, l&rsquo;AML pr\u00f4ne des \u00e9lections apais\u00e9es !","datePublished":"2025-09-15T18:12:33+00:00","dateModified":"2025-09-15T18:56:11+00:00","mainEntityOfPage":{"@id":"https:\/\/aml-ci.com\/mma-a-travers-de-combats-laml-prone-des-elections-apaisees\/"},"wordCount":148,"commentCount":0,"publisher":{"@id":"https:\/\/aml-ci.com\/#organization"},"image":{"@id":"https:\/\/aml-ci.com\/mma-a-travers-de-combats-laml-prone-des-elections-apaisees\/#primaryimage"},"thumbnailUrl":"https:\/\/aml-ci.com\/wp-content\/uploads\/2025\/09\/AML_7.jpg","articleSection":["Presses"],"inLanguage":"en-US","potentialAction":[{"@type":"CommentAction","name":"Comment","target":["https:\/\/aml-ci.com\/mma-a-travers-de-combats-laml-prone-des-elections-apaisees\/#respond"]}]},{"@type":"WebPage","@id":"https:\/\/aml-ci.com\/mma-a-travers-de-combats-laml-prone-des-elections-apaisees\/","url":"https:\/\/aml-ci.com\/mma-a-travers-de-combats-laml-prone-des-elections-apaisees\/","name":"MMA\u00a0: A travers des combats, l'AML pr\u00f4ne des \u00e9lections apais\u00e9es ! - African MMA League","isPartOf":{"@id":"https:\/\/aml-ci.com\/#website"},"primaryImageOfPage":{"@id":"https:\/\/aml-ci.com\/mma-a-travers-de-combats-laml-prone-des-elections-apaisees\/#primaryimage"},"image":{"@id":"https:\/\/aml-ci.com\/mma-a-travers-de-combats-laml-prone-des-elections-apaisees\/#primaryimage"},"thumbnailUrl":"https:\/\/aml-ci.com\/wp-content\/uploads\/2025\/09\/AML_7.jpg","datePublished":"2025-09-15T18:12:33+00:00","dateModified":"2025-09-15T18:56:11+00:00","breadcrumb":{"@id":"https:\/\/aml-ci.com\/mma-a-travers-de-combats-laml-prone-des-elections-apaisees\/#breadcrumb"},"inLanguage":"en-US","potentialAction":[{"@type":"ReadAction","target":["https:\/\/aml-ci.com\/mma-a-travers-de-combats-laml-prone-des-elections-apaisees\/"]}]},{"@type":"ImageObject","inLanguage":"en-US","@id":"https:\/\/aml-ci.com\/mma-a-travers-de-combats-laml-prone-des-elections-apaisees\/#primaryimage","url":"https:\/\/aml-ci.com\/wp-content\/uploads\/2025\/09\/AML_7.jpg","contentUrl":"https:\/\/aml-ci.com\/wp-content\/uploads\/2025\/09\/AML_7.jpg","width":650,"height":415},{"@type":"BreadcrumbList","@id":"https:\/\/aml-ci.com\/mma-a-travers-de-combats-laml-prone-des-elections-apaisees\/#breadcrumb","itemListElement":[{"@type":"ListItem","position":1,"name":"Home","item":"https:\/\/aml-ci.com\/"},{"@type":"ListItem","position":2,"name":"MMA\u00a0: A travers des combats, l&#8217;AML pr\u00f4ne des \u00e9lections apais\u00e9es !"}]},{"@type":"WebSite","@id":"https:\/\/aml-ci.com\/#website","url":"https:\/\/aml-ci.com\/","name":"African MMA League","description":"AML","publisher":{"@id":"https:\/\/aml-ci.com\/#organization"},"potentialAction":[{"@type":"SearchAction","target":{"@type":"EntryPoint","urlTemplate":"https:\/\/aml-ci.com\/?s={search_term_string}"},"query-input":{"@type":"PropertyValueSpecification","valueRequired":true,"valueName":"search_term_string"}}],"inLanguage":"en-US"},{"@type":"Organization","@id":"https:\/\/aml-ci.com\/#organization","name":"African MMA League","url":"https:\/\/aml-ci.com\/","logo":{"@type":"ImageObject","inLanguage":"en-US","@id":"https:\/\/aml-ci.com\/#\/schema\/logo\/image\/","url":"https:\/\/aml-ci.com\/wp-content\/uploads\/2023\/01\/African-MMA-League-02-4-2-e1676899237520.png","contentUrl":"https:\/\/aml-ci.com\/wp-content\/uploads\/2023\/01\/African-MMA-League-02-4-2-e1676899237520.png","width":1165,"height":480,"caption":"African MMA League"},"image":{"@id":"https:\/\/aml-ci.com\/#\/schema\/logo\/image\/"},"sameAs":["https:\/\/web.facebook.com\/people\/African-MMA-League\/100093224844051\/","https:\/\/x.com\/aml_cl","https:\/\/www.tiktok.com\/@africanmmaleague","https:\/\/www.youtube.com\/@AfricanMMALeague"]},{"@type":"Person","@id":"https:\/\/aml-ci.com\/#\/schema\/person\/4b54134d6160d04e8609b201f418577d","name":"lamine","image":{"@type":"ImageObject","inLanguage":"en-US","@id":"https:\/\/secure.gravatar.com\/avatar\/6ea4197fe8fdee711c55fcedc88506c5b4a41d7cc4a6897168a8fcae72a60be9?s=96&d=mm&r=g","url":"https:\/\/secure.gravatar.com\/avatar\/6ea4197fe8fdee711c55fcedc88506c5b4a41d7cc4a6897168a8fcae72a60be9?s=96&d=mm&r=g","contentUrl":"https:\/\/secure.gravatar.com\/avatar\/6ea4197fe8fdee711c55fcedc88506c5b4a41d7cc4a6897168a8fcae72a60be9?s=96&d=mm&r=g","caption":"lamine"},"url":"https:\/\/aml-ci.com\/en\/author\/lamine\/"}]}},"_links":{"self":[{"href":"https:\/\/aml-ci.com\/en\/wp-json\/wp\/v2\/posts\/9650","targetHints":{"allow":["GET"]}}],"collection":[{"href":"https:\/\/aml-ci.com\/en\/wp-json\/wp\/v2\/posts"}],"about":[{"href":"https:\/\/aml-ci.com\/en\/wp-json\/wp\/v2\/types\/post"}],"author":[{"embeddable":true,"href":"https:\/\/aml-ci.com\/en\/wp-json\/wp\/v2\/users\/5"}],"replies":[{"embeddable":true,"href":"https:\/\/aml-ci.com\/en\/wp-json\/wp\/v2\/comments?post=9650"}],"version-history":[{"count":11,"href":"https:\/\/aml-ci.com\/en\/wp-json\/wp\/v2\/posts\/9650\/revisions"}],"predecessor-version":[{"id":9664,"href":"https:\/\/aml-ci.com\/en\/wp-json\/wp\/v2\/posts\/9650\/revisions\/9664"}],"wp:featuredmedia":[{"embeddable":true,"href":"https:\/\/aml-ci.com\/en\/wp-json\/wp\/v2\/media\/9651"}],"wp:attachment":[{"href":"https:\/\/aml-ci.com\/en\/wp-json\/wp\/v2\/media?parent=9650"}],"wp:term":[{"taxonomy":"category","embeddable":true,"href":"https:\/\/aml-ci.com\/en\/wp-json\/wp\/v2\/categories?post=9650"},{"taxonomy":"post_tag","embeddable":true,"href":"https:\/\/aml-ci.com\/en\/wp-json\/wp\/v2\/tags?post=9650"}],"curies":[{"name":"wp","href":"https:\/\/api.w.org\/{rel}","templated":true}]}}