{"id":9586,"date":"2025-07-14T22:18:27","date_gmt":"2025-07-14T17:18:27","guid":{"rendered":"https:\/\/aml-ci.com\/?p=9586"},"modified":"2025-07-14T22:26:16","modified_gmt":"2025-07-14T17:26:16","slug":"mma-ismael-bakayoko-realise-le-coup-du-siecle-avec-la-creation-de-lamf-ci","status":"publish","type":"post","link":"https:\/\/aml-ci.com\/en\/mma-ismael-bakayoko-realise-le-coup-du-siecle-avec-la-creation-de-lamf-ci\/","title":{"rendered":"MMA : Isma\u00ebl Bakayoko r\u00e9alise le coup du si\u00e8cle avec la cr\u00e9ation de l\u2019AMF-CI"},"content":{"rendered":"<div data-elementor-type=\"wp-post\" data-elementor-id=\"9586\" class=\"elementor elementor-9586\">\n\t\t\t\t\t\t<section class=\"elementor-section elementor-top-section elementor-element elementor-element-9ec8d1e elementor-section-boxed elementor-section-height-default elementor-section-height-default\" data-id=\"9ec8d1e\" data-element_type=\"section\" data-e-type=\"section\">\n\t\t\t\t\t\t<div class=\"elementor-container elementor-column-gap-default\">\n\t\t\t\t\t<div class=\"elementor-column elementor-col-100 elementor-top-column elementor-element elementor-element-4543c19\" data-id=\"4543c19\" data-element_type=\"column\" data-e-type=\"column\">\n\t\t\t<div class=\"elementor-widget-wrap elementor-element-populated\">\n\t\t\t\t\t\t<div class=\"elementor-element elementor-element-945b331 elementor-widget elementor-widget-text-editor\" data-id=\"945b331\" data-element_type=\"widget\" data-e-type=\"widget\" data-widget_type=\"text-editor.default\">\n\t\t\t\t<div class=\"elementor-widget-container\">\n\t\t\t\t\t\t\t\t\t<h3 class=\"wp-block-heading\" style=\"margin-bottom: 2em; background-image: none; background-position: initial; background-size: initial; background-repeat: initial; background-attachment: initial; background-origin: initial; background-clip: initial; border-width: initial; border-style: none; border-radius: 0px; outline-style: none; outline-width: initial; font-family: Poppins, sans-serif; font-size: 20px; font-weight: 500; line-height: 1.35; font-style: normal; color: #000000; word-break: break-word;\">Lemandatexpress \u2013 C\u2019est un tournant majeur pour le MMA ivoirien. Dans un r\u00e9cent communiqu\u00e9, Isma\u00ebl Bakayoko a annonc\u00e9 la cr\u00e9ation officielle de l\u2019African MMA F\u00e9d\u00e9ration \u2013 section C\u00f4te d\u2019Ivoire (AMF-CI), une nouvelle structure reconnue par le minist\u00e8re des Sports et du Cadre de vie. Une annonce qui marque la fin d\u2019un long bras de fer entre l\u2019homme fort du MMA ivoirien et la F\u00e9d\u00e9ration Ivoirienne de MMA.<\/h3><p><a href=\"https:\/\/www.lemandatexpress.net\/2025\/07\/14\/mma-ismael-bakayoko-realise-le-coup-du-siecle-avec-la-creation-de-lamf-ci\/\">https:\/\/www.lemandatexpress.net\/2025\/07\/14\/mma-ismael-bakayoko-realise-le-coup-du-siecle-avec-la-creation-de-lamf-ci\/<\/a><\/p><div>\u00a0<\/div>\t\t\t\t\t\t\t\t<\/div>\n\t\t\t\t<\/div>\n\t\t\t\t\t<\/div>\n\t\t<\/div>\n\t\t\t\t\t<\/div>\n\t\t<\/section>\n\t\t\t\t<\/div>","protected":false},"excerpt":{"rendered":"<p>Lemandatexpress \u2013 C\u2019est un tournant majeur pour le MMA ivoirien. Dans un r\u00e9cent communiqu\u00e9, Isma\u00ebl Bakayoko a annonc\u00e9 la cr\u00e9ation officielle de l\u2019African MMA F\u00e9d\u00e9ration \u2013 section C\u00f4te d\u2019Ivoire (AMF-CI), une nouvelle structure reconnue par le minist\u00e8re des Sports et du Cadre de vie. Une annonce qui marque la fin d\u2019un long bras de fer &hellip;<\/p>\n<p class=\"read-more\"> <a class=\"\" href=\"https:\/\/aml-ci.com\/en\/mma-ismael-bakayoko-realise-le-coup-du-siecle-avec-la-creation-de-lamf-ci\/\"> <span class=\"screen-reader-text\">MMA : Isma\u00ebl Bakayoko r\u00e9alise le coup du si\u00e8cle avec la cr\u00e9ation de l\u2019AMF-CI<\/span> Read More \u00bb<\/a><\/p>","protected":false},"author":5,"featured_media":9587,"comment_status":"open","ping_status":"open","sticky":false,"template":"","format":"standard","meta":{"site-sidebar-layout":"default","site-content-layout":"","ast-site-content-layout":"default","site-content-style":"default","site-sidebar-style":"default","ast-global-header-display":"","ast-banner-title-visibility":"","ast-main-header-display":"","ast-hfb-above-header-display":"","ast-hfb-below-header-display":"","ast-hfb-mobile-header-display":"","site-post-title":"","ast-breadcrumbs-content":"","ast-featured-img":"disabled","footer-sml-layout":"","theme-transparent-header-meta":"","adv-header-id-meta":"","stick-header-meta":"","header-above-stick-meta":"","header-main-stick-meta":"","header-below-stick-meta":"","astra-migrate-meta-layouts":"set","footnotes":""},"categories":[1],"tags":[],"class_list":["post-9586","post","type-post","status-publish","format-standard","has-post-thumbnail","hentry","category-https-sport-ivoire-ci-autres-sports-arts-martiaux-aml-06-samo-samo-battu-moussa-sounkara"],"acf":[],"yoast_head":"<!-- This site is optimized with the Yoast SEO plugin v27.4 - https:\/\/yoast.com\/product\/yoast-seo-wordpress\/ -->\n<title>MMA : Isma\u00ebl Bakayoko r\u00e9alise le coup du si\u00e8cle avec la cr\u00e9ation de l\u2019AMF-CI - African MMA League<\/title>\n<meta name=\"robots\" content=\"index, follow, max-snippet:-1, max-image-preview:large, max-video-preview:-1\" \/>\n<link rel=\"canonical\" href=\"https:\/\/aml-ci.com\/en\/mma-ismael-bakayoko-realise-le-coup-du-siecle-avec-la-creation-de-lamf-ci\/\" \/>\n<meta property=\"og:locale\" content=\"en_US\" \/>\n<meta property=\"og:type\" content=\"article\" \/>\n<meta property=\"og:title\" content=\"MMA : Isma\u00ebl Bakayoko r\u00e9alise le coup du si\u00e8cle avec la cr\u00e9ation de l\u2019AMF-CI - African MMA League\" \/>\n<meta property=\"og:description\" content=\"Lemandatexpress \u2013 C\u2019est un tournant majeur pour le MMA ivoirien. Dans un r\u00e9cent communiqu\u00e9, Isma\u00ebl Bakayoko a annonc\u00e9 la cr\u00e9ation officielle de l\u2019African MMA F\u00e9d\u00e9ration \u2013 section C\u00f4te d\u2019Ivoire (AMF-CI), une nouvelle structure reconnue par le minist\u00e8re des Sports et du Cadre de vie. Une annonce qui marque la fin d\u2019un long bras de fer &hellip; MMA : Isma\u00ebl Bakayoko r\u00e9alise le coup du si\u00e8cle avec la cr\u00e9ation de l\u2019AMF-CI Read More \u00bb\" \/>\n<meta property=\"og:url\" content=\"https:\/\/aml-ci.com\/en\/mma-ismael-bakayoko-realise-le-coup-du-siecle-avec-la-creation-de-lamf-ci\/\" \/>\n<meta property=\"og:site_name\" content=\"African MMA League\" \/>\n<meta property=\"article:publisher\" content=\"https:\/\/web.facebook.com\/people\/African-MMA-League\/100093224844051\/\" \/>\n<meta property=\"article:published_time\" content=\"2025-07-14T17:18:27+00:00\" \/>\n<meta property=\"article:modified_time\" content=\"2025-07-14T17:26:16+00:00\" \/>\n<meta property=\"og:image\" content=\"https:\/\/aml-ci.com\/wp-content\/uploads\/2025\/07\/IMG-20250713-WA0184.jpg\" \/>\n\t<meta property=\"og:image:width\" content=\"1066\" \/>\n\t<meta property=\"og:image:height\" content=\"1065\" \/>\n\t<meta property=\"og:image:type\" content=\"image\/jpeg\" \/>\n<meta name=\"author\" content=\"lamine\" \/>\n<meta name=\"twitter:card\" content=\"summary_large_image\" \/>\n<meta name=\"twitter:creator\" content=\"@aml_cl\" \/>\n<meta name=\"twitter:site\" content=\"@aml_cl\" \/>\n<meta name=\"twitter:label1\" content=\"Written by\" \/>\n\t<meta name=\"twitter:data1\" content=\"lamine\" \/>\n\t<meta name=\"twitter:label2\" content=\"Est. reading time\" \/>\n\t<meta name=\"twitter:data2\" content=\"1 minute\" \/>\n<script type=\"application\/ld+json\" class=\"yoast-schema-graph\">{\"@context\":\"https:\\\/\\\/schema.org\",\"@graph\":[{\"@type\":\"Article\",\"@id\":\"https:\\\/\\\/aml-ci.com\\\/mma-ismael-bakayoko-realise-le-coup-du-siecle-avec-la-creation-de-lamf-ci\\\/#article\",\"isPartOf\":{\"@id\":\"https:\\\/\\\/aml-ci.com\\\/mma-ismael-bakayoko-realise-le-coup-du-siecle-avec-la-creation-de-lamf-ci\\\/\"},\"author\":{\"name\":\"lamine\",\"@id\":\"https:\\\/\\\/aml-ci.com\\\/#\\\/schema\\\/person\\\/4b54134d6160d04e8609b201f418577d\"},\"headline\":\"MMA : Isma\u00ebl Bakayoko r\u00e9alise le coup du si\u00e8cle avec la cr\u00e9ation de l\u2019AMF-CI\",\"datePublished\":\"2025-07-14T17:18:27+00:00\",\"dateModified\":\"2025-07-14T17:26:16+00:00\",\"mainEntityOfPage\":{\"@id\":\"https:\\\/\\\/aml-ci.com\\\/mma-ismael-bakayoko-realise-le-coup-du-siecle-avec-la-creation-de-lamf-ci\\\/\"},\"wordCount\":102,\"commentCount\":0,\"publisher\":{\"@id\":\"https:\\\/\\\/aml-ci.com\\\/#organization\"},\"image\":{\"@id\":\"https:\\\/\\\/aml-ci.com\\\/mma-ismael-bakayoko-realise-le-coup-du-siecle-avec-la-creation-de-lamf-ci\\\/#primaryimage\"},\"thumbnailUrl\":\"https:\\\/\\\/aml-ci.com\\\/wp-content\\\/uploads\\\/2025\\\/07\\\/IMG-20250713-WA0184.jpg\",\"articleSection\":[\"Presses\"],\"inLanguage\":\"en-US\",\"potentialAction\":[{\"@type\":\"CommentAction\",\"name\":\"Comment\",\"target\":[\"https:\\\/\\\/aml-ci.com\\\/mma-ismael-bakayoko-realise-le-coup-du-siecle-avec-la-creation-de-lamf-ci\\\/#respond\"]}]},{\"@type\":\"WebPage\",\"@id\":\"https:\\\/\\\/aml-ci.com\\\/mma-ismael-bakayoko-realise-le-coup-du-siecle-avec-la-creation-de-lamf-ci\\\/\",\"url\":\"https:\\\/\\\/aml-ci.com\\\/mma-ismael-bakayoko-realise-le-coup-du-siecle-avec-la-creation-de-lamf-ci\\\/\",\"name\":\"MMA : Isma\u00ebl Bakayoko r\u00e9alise le coup du si\u00e8cle avec la cr\u00e9ation de l\u2019AMF-CI - African MMA League\",\"isPartOf\":{\"@id\":\"https:\\\/\\\/aml-ci.com\\\/#website\"},\"primaryImageOfPage\":{\"@id\":\"https:\\\/\\\/aml-ci.com\\\/mma-ismael-bakayoko-realise-le-coup-du-siecle-avec-la-creation-de-lamf-ci\\\/#primaryimage\"},\"image\":{\"@id\":\"https:\\\/\\\/aml-ci.com\\\/mma-ismael-bakayoko-realise-le-coup-du-siecle-avec-la-creation-de-lamf-ci\\\/#primaryimage\"},\"thumbnailUrl\":\"https:\\\/\\\/aml-ci.com\\\/wp-content\\\/uploads\\\/2025\\\/07\\\/IMG-20250713-WA0184.jpg\",\"datePublished\":\"2025-07-14T17:18:27+00:00\",\"dateModified\":\"2025-07-14T17:26:16+00:00\",\"breadcrumb\":{\"@id\":\"https:\\\/\\\/aml-ci.com\\\/mma-ismael-bakayoko-realise-le-coup-du-siecle-avec-la-creation-de-lamf-ci\\\/#breadcrumb\"},\"inLanguage\":\"en-US\",\"potentialAction\":[{\"@type\":\"ReadAction\",\"target\":[\"https:\\\/\\\/aml-ci.com\\\/mma-ismael-bakayoko-realise-le-coup-du-siecle-avec-la-creation-de-lamf-ci\\\/\"]}]},{\"@type\":\"ImageObject\",\"inLanguage\":\"en-US\",\"@id\":\"https:\\\/\\\/aml-ci.com\\\/mma-ismael-bakayoko-realise-le-coup-du-siecle-avec-la-creation-de-lamf-ci\\\/#primaryimage\",\"url\":\"https:\\\/\\\/aml-ci.com\\\/wp-content\\\/uploads\\\/2025\\\/07\\\/IMG-20250713-WA0184.jpg\",\"contentUrl\":\"https:\\\/\\\/aml-ci.com\\\/wp-content\\\/uploads\\\/2025\\\/07\\\/IMG-20250713-WA0184.jpg\",\"width\":1066,\"height\":1065},{\"@type\":\"BreadcrumbList\",\"@id\":\"https:\\\/\\\/aml-ci.com\\\/mma-ismael-bakayoko-realise-le-coup-du-siecle-avec-la-creation-de-lamf-ci\\\/#breadcrumb\",\"itemListElement\":[{\"@type\":\"ListItem\",\"position\":1,\"name\":\"Home\",\"item\":\"https:\\\/\\\/aml-ci.com\\\/\"},{\"@type\":\"ListItem\",\"position\":2,\"name\":\"MMA : Isma\u00ebl Bakayoko r\u00e9alise le coup du si\u00e8cle avec la cr\u00e9ation de l\u2019AMF-CI\"}]},{\"@type\":\"WebSite\",\"@id\":\"https:\\\/\\\/aml-ci.com\\\/#website\",\"url\":\"https:\\\/\\\/aml-ci.com\\\/\",\"name\":\"African MMA League\",\"description\":\"AML\",\"publisher\":{\"@id\":\"https:\\\/\\\/aml-ci.com\\\/#organization\"},\"potentialAction\":[{\"@type\":\"SearchAction\",\"target\":{\"@type\":\"EntryPoint\",\"urlTemplate\":\"https:\\\/\\\/aml-ci.com\\\/?s={search_term_string}\"},\"query-input\":{\"@type\":\"PropertyValueSpecification\",\"valueRequired\":true,\"valueName\":\"search_term_string\"}}],\"inLanguage\":\"en-US\"},{\"@type\":\"Organization\",\"@id\":\"https:\\\/\\\/aml-ci.com\\\/#organization\",\"name\":\"African MMA League\",\"url\":\"https:\\\/\\\/aml-ci.com\\\/\",\"logo\":{\"@type\":\"ImageObject\",\"inLanguage\":\"en-US\",\"@id\":\"https:\\\/\\\/aml-ci.com\\\/#\\\/schema\\\/logo\\\/image\\\/\",\"url\":\"https:\\\/\\\/aml-ci.com\\\/wp-content\\\/uploads\\\/2023\\\/01\\\/African-MMA-League-02-4-2-e1676899237520.png\",\"contentUrl\":\"https:\\\/\\\/aml-ci.com\\\/wp-content\\\/uploads\\\/2023\\\/01\\\/African-MMA-League-02-4-2-e1676899237520.png\",\"width\":1165,\"height\":480,\"caption\":\"African MMA League\"},\"image\":{\"@id\":\"https:\\\/\\\/aml-ci.com\\\/#\\\/schema\\\/logo\\\/image\\\/\"},\"sameAs\":[\"https:\\\/\\\/web.facebook.com\\\/people\\\/African-MMA-League\\\/100093224844051\\\/\",\"https:\\\/\\\/x.com\\\/aml_cl\",\"https:\\\/\\\/www.tiktok.com\\\/@africanmmaleague\",\"https:\\\/\\\/www.youtube.com\\\/@AfricanMMALeague\"]},{\"@type\":\"Person\",\"@id\":\"https:\\\/\\\/aml-ci.com\\\/#\\\/schema\\\/person\\\/4b54134d6160d04e8609b201f418577d\",\"name\":\"lamine\",\"image\":{\"@type\":\"ImageObject\",\"inLanguage\":\"en-US\",\"@id\":\"https:\\\/\\\/secure.gravatar.com\\\/avatar\\\/6ea4197fe8fdee711c55fcedc88506c5b4a41d7cc4a6897168a8fcae72a60be9?s=96&d=mm&r=g\",\"url\":\"https:\\\/\\\/secure.gravatar.com\\\/avatar\\\/6ea4197fe8fdee711c55fcedc88506c5b4a41d7cc4a6897168a8fcae72a60be9?s=96&d=mm&r=g\",\"contentUrl\":\"https:\\\/\\\/secure.gravatar.com\\\/avatar\\\/6ea4197fe8fdee711c55fcedc88506c5b4a41d7cc4a6897168a8fcae72a60be9?s=96&d=mm&r=g\",\"caption\":\"lamine\"},\"url\":\"https:\\\/\\\/aml-ci.com\\\/en\\\/author\\\/lamine\\\/\"}]}<\/script>\n<!-- \/ Yoast SEO plugin. -->","yoast_head_json":{"title":"MMA : Isma\u00ebl Bakayoko r\u00e9alise le coup du si\u00e8cle avec la cr\u00e9ation de l\u2019AMF-CI - African MMA League","robots":{"index":"index","follow":"follow","max-snippet":"max-snippet:-1","max-image-preview":"max-image-preview:large","max-video-preview":"max-video-preview:-1"},"canonical":"https:\/\/aml-ci.com\/en\/mma-ismael-bakayoko-realise-le-coup-du-siecle-avec-la-creation-de-lamf-ci\/","og_locale":"en_US","og_type":"article","og_title":"MMA : Isma\u00ebl Bakayoko r\u00e9alise le coup du si\u00e8cle avec la cr\u00e9ation de l\u2019AMF-CI - African MMA League","og_description":"Lemandatexpress \u2013 C\u2019est un tournant majeur pour le MMA ivoirien. Dans un r\u00e9cent communiqu\u00e9, Isma\u00ebl Bakayoko a annonc\u00e9 la cr\u00e9ation officielle de l\u2019African MMA F\u00e9d\u00e9ration \u2013 section C\u00f4te d\u2019Ivoire (AMF-CI), une nouvelle structure reconnue par le minist\u00e8re des Sports et du Cadre de vie. Une annonce qui marque la fin d\u2019un long bras de fer &hellip; MMA : Isma\u00ebl Bakayoko r\u00e9alise le coup du si\u00e8cle avec la cr\u00e9ation de l\u2019AMF-CI Read More \u00bb","og_url":"https:\/\/aml-ci.com\/en\/mma-ismael-bakayoko-realise-le-coup-du-siecle-avec-la-creation-de-lamf-ci\/","og_site_name":"African MMA League","article_publisher":"https:\/\/web.facebook.com\/people\/African-MMA-League\/100093224844051\/","article_published_time":"2025-07-14T17:18:27+00:00","article_modified_time":"2025-07-14T17:26:16+00:00","og_image":[{"width":1066,"height":1065,"url":"https:\/\/aml-ci.com\/wp-content\/uploads\/2025\/07\/IMG-20250713-WA0184.jpg","type":"image\/jpeg"}],"author":"lamine","twitter_card":"summary_large_image","twitter_creator":"@aml_cl","twitter_site":"@aml_cl","twitter_misc":{"Written by":"lamine","Est. reading time":"1 minute"},"schema":{"@context":"https:\/\/schema.org","@graph":[{"@type":"Article","@id":"https:\/\/aml-ci.com\/mma-ismael-bakayoko-realise-le-coup-du-siecle-avec-la-creation-de-lamf-ci\/#article","isPartOf":{"@id":"https:\/\/aml-ci.com\/mma-ismael-bakayoko-realise-le-coup-du-siecle-avec-la-creation-de-lamf-ci\/"},"author":{"name":"lamine","@id":"https:\/\/aml-ci.com\/#\/schema\/person\/4b54134d6160d04e8609b201f418577d"},"headline":"MMA : Isma\u00ebl Bakayoko r\u00e9alise le coup du si\u00e8cle avec la cr\u00e9ation de l\u2019AMF-CI","datePublished":"2025-07-14T17:18:27+00:00","dateModified":"2025-07-14T17:26:16+00:00","mainEntityOfPage":{"@id":"https:\/\/aml-ci.com\/mma-ismael-bakayoko-realise-le-coup-du-siecle-avec-la-creation-de-lamf-ci\/"},"wordCount":102,"commentCount":0,"publisher":{"@id":"https:\/\/aml-ci.com\/#organization"},"image":{"@id":"https:\/\/aml-ci.com\/mma-ismael-bakayoko-realise-le-coup-du-siecle-avec-la-creation-de-lamf-ci\/#primaryimage"},"thumbnailUrl":"https:\/\/aml-ci.com\/wp-content\/uploads\/2025\/07\/IMG-20250713-WA0184.jpg","articleSection":["Presses"],"inLanguage":"en-US","potentialAction":[{"@type":"CommentAction","name":"Comment","target":["https:\/\/aml-ci.com\/mma-ismael-bakayoko-realise-le-coup-du-siecle-avec-la-creation-de-lamf-ci\/#respond"]}]},{"@type":"WebPage","@id":"https:\/\/aml-ci.com\/mma-ismael-bakayoko-realise-le-coup-du-siecle-avec-la-creation-de-lamf-ci\/","url":"https:\/\/aml-ci.com\/mma-ismael-bakayoko-realise-le-coup-du-siecle-avec-la-creation-de-lamf-ci\/","name":"MMA : Isma\u00ebl Bakayoko r\u00e9alise le coup du si\u00e8cle avec la cr\u00e9ation de l\u2019AMF-CI - African MMA League","isPartOf":{"@id":"https:\/\/aml-ci.com\/#website"},"primaryImageOfPage":{"@id":"https:\/\/aml-ci.com\/mma-ismael-bakayoko-realise-le-coup-du-siecle-avec-la-creation-de-lamf-ci\/#primaryimage"},"image":{"@id":"https:\/\/aml-ci.com\/mma-ismael-bakayoko-realise-le-coup-du-siecle-avec-la-creation-de-lamf-ci\/#primaryimage"},"thumbnailUrl":"https:\/\/aml-ci.com\/wp-content\/uploads\/2025\/07\/IMG-20250713-WA0184.jpg","datePublished":"2025-07-14T17:18:27+00:00","dateModified":"2025-07-14T17:26:16+00:00","breadcrumb":{"@id":"https:\/\/aml-ci.com\/mma-ismael-bakayoko-realise-le-coup-du-siecle-avec-la-creation-de-lamf-ci\/#breadcrumb"},"inLanguage":"en-US","potentialAction":[{"@type":"ReadAction","target":["https:\/\/aml-ci.com\/mma-ismael-bakayoko-realise-le-coup-du-siecle-avec-la-creation-de-lamf-ci\/"]}]},{"@type":"ImageObject","inLanguage":"en-US","@id":"https:\/\/aml-ci.com\/mma-ismael-bakayoko-realise-le-coup-du-siecle-avec-la-creation-de-lamf-ci\/#primaryimage","url":"https:\/\/aml-ci.com\/wp-content\/uploads\/2025\/07\/IMG-20250713-WA0184.jpg","contentUrl":"https:\/\/aml-ci.com\/wp-content\/uploads\/2025\/07\/IMG-20250713-WA0184.jpg","width":1066,"height":1065},{"@type":"BreadcrumbList","@id":"https:\/\/aml-ci.com\/mma-ismael-bakayoko-realise-le-coup-du-siecle-avec-la-creation-de-lamf-ci\/#breadcrumb","itemListElement":[{"@type":"ListItem","position":1,"name":"Home","item":"https:\/\/aml-ci.com\/"},{"@type":"ListItem","position":2,"name":"MMA : Isma\u00ebl Bakayoko r\u00e9alise le coup du si\u00e8cle avec la cr\u00e9ation de l\u2019AMF-CI"}]},{"@type":"WebSite","@id":"https:\/\/aml-ci.com\/#website","url":"https:\/\/aml-ci.com\/","name":"African MMA League","description":"AML","publisher":{"@id":"https:\/\/aml-ci.com\/#organization"},"potentialAction":[{"@type":"SearchAction","target":{"@type":"EntryPoint","urlTemplate":"https:\/\/aml-ci.com\/?s={search_term_string}"},"query-input":{"@type":"PropertyValueSpecification","valueRequired":true,"valueName":"search_term_string"}}],"inLanguage":"en-US"},{"@type":"Organization","@id":"https:\/\/aml-ci.com\/#organization","name":"African MMA League","url":"https:\/\/aml-ci.com\/","logo":{"@type":"ImageObject","inLanguage":"en-US","@id":"https:\/\/aml-ci.com\/#\/schema\/logo\/image\/","url":"https:\/\/aml-ci.com\/wp-content\/uploads\/2023\/01\/African-MMA-League-02-4-2-e1676899237520.png","contentUrl":"https:\/\/aml-ci.com\/wp-content\/uploads\/2023\/01\/African-MMA-League-02-4-2-e1676899237520.png","width":1165,"height":480,"caption":"African MMA League"},"image":{"@id":"https:\/\/aml-ci.com\/#\/schema\/logo\/image\/"},"sameAs":["https:\/\/web.facebook.com\/people\/African-MMA-League\/100093224844051\/","https:\/\/x.com\/aml_cl","https:\/\/www.tiktok.com\/@africanmmaleague","https:\/\/www.youtube.com\/@AfricanMMALeague"]},{"@type":"Person","@id":"https:\/\/aml-ci.com\/#\/schema\/person\/4b54134d6160d04e8609b201f418577d","name":"lamine","image":{"@type":"ImageObject","inLanguage":"en-US","@id":"https:\/\/secure.gravatar.com\/avatar\/6ea4197fe8fdee711c55fcedc88506c5b4a41d7cc4a6897168a8fcae72a60be9?s=96&d=mm&r=g","url":"https:\/\/secure.gravatar.com\/avatar\/6ea4197fe8fdee711c55fcedc88506c5b4a41d7cc4a6897168a8fcae72a60be9?s=96&d=mm&r=g","contentUrl":"https:\/\/secure.gravatar.com\/avatar\/6ea4197fe8fdee711c55fcedc88506c5b4a41d7cc4a6897168a8fcae72a60be9?s=96&d=mm&r=g","caption":"lamine"},"url":"https:\/\/aml-ci.com\/en\/author\/lamine\/"}]}},"_links":{"self":[{"href":"https:\/\/aml-ci.com\/en\/wp-json\/wp\/v2\/posts\/9586","targetHints":{"allow":["GET"]}}],"collection":[{"href":"https:\/\/aml-ci.com\/en\/wp-json\/wp\/v2\/posts"}],"about":[{"href":"https:\/\/aml-ci.com\/en\/wp-json\/wp\/v2\/types\/post"}],"author":[{"embeddable":true,"href":"https:\/\/aml-ci.com\/en\/wp-json\/wp\/v2\/users\/5"}],"replies":[{"embeddable":true,"href":"https:\/\/aml-ci.com\/en\/wp-json\/wp\/v2\/comments?post=9586"}],"version-history":[{"count":4,"href":"https:\/\/aml-ci.com\/en\/wp-json\/wp\/v2\/posts\/9586\/revisions"}],"predecessor-version":[{"id":9591,"href":"https:\/\/aml-ci.com\/en\/wp-json\/wp\/v2\/posts\/9586\/revisions\/9591"}],"wp:featuredmedia":[{"embeddable":true,"href":"https:\/\/aml-ci.com\/en\/wp-json\/wp\/v2\/media\/9587"}],"wp:attachment":[{"href":"https:\/\/aml-ci.com\/en\/wp-json\/wp\/v2\/media?parent=9586"}],"wp:term":[{"taxonomy":"category","embeddable":true,"href":"https:\/\/aml-ci.com\/en\/wp-json\/wp\/v2\/categories?post=9586"},{"taxonomy":"post_tag","embeddable":true,"href":"https:\/\/aml-ci.com\/en\/wp-json\/wp\/v2\/tags?post=9586"}],"curies":[{"name":"wp","href":"https:\/\/api.w.org\/{rel}","templated":true}]}}