{"id":9538,"date":"2025-05-16T22:56:40","date_gmt":"2025-05-16T17:56:40","guid":{"rendered":"https:\/\/aml-ci.com\/?p=9538"},"modified":"2025-05-16T23:04:26","modified_gmt":"2025-05-16T18:04:26","slug":"aml-07-le-cameroun-a-lhonneur-samo-samo-est-pret","status":"publish","type":"post","link":"https:\/\/aml-ci.com\/en\/aml-07-le-cameroun-a-lhonneur-samo-samo-est-pret\/","title":{"rendered":"AML 07 : Le Cameroun \u00e0 l&rsquo;honneur, Samo Samo est pr\u00eat !"},"content":{"rendered":"<div data-elementor-type=\"wp-post\" data-elementor-id=\"9538\" class=\"elementor elementor-9538\">\n\t\t\t\t\t\t<section class=\"elementor-section elementor-top-section elementor-element elementor-element-9f44c81 elementor-section-boxed elementor-section-height-default elementor-section-height-default\" data-id=\"9f44c81\" data-element_type=\"section\" data-e-type=\"section\">\n\t\t\t\t\t\t<div class=\"elementor-container elementor-column-gap-default\">\n\t\t\t\t\t<div class=\"elementor-column elementor-col-100 elementor-top-column elementor-element elementor-element-8e42672\" data-id=\"8e42672\" data-element_type=\"column\" data-e-type=\"column\">\n\t\t\t<div class=\"elementor-widget-wrap elementor-element-populated\">\n\t\t\t\t\t\t<div class=\"elementor-element elementor-element-e2f5449 dce_masking-none elementor-widget elementor-widget-image\" data-id=\"e2f5449\" data-element_type=\"widget\" data-e-type=\"widget\" data-widget_type=\"image.default\">\n\t\t\t\t<div class=\"elementor-widget-container\">\n\t\t\t\t\t\t\t\t\t\t\t\t\t\t\t<img fetchpriority=\"high\" decoding=\"async\" width=\"1200\" height=\"800\" src=\"https:\/\/aml-ci.com\/wp-content\/uploads\/2025\/05\/732A3721-1-1920x1280.jpg\" class=\"attachment-large size-large wp-image-9539\" alt=\"\" srcset=\"https:\/\/aml-ci.com\/wp-content\/uploads\/2025\/05\/732A3721-1-1920x1280.jpg 1920w, https:\/\/aml-ci.com\/wp-content\/uploads\/2025\/05\/732A3721-1-1200x800.jpg 1200w, https:\/\/aml-ci.com\/wp-content\/uploads\/2025\/05\/732A3721-1-768x512.jpg 768w, https:\/\/aml-ci.com\/wp-content\/uploads\/2025\/05\/732A3721-1-1536x1024.jpg 1536w, https:\/\/aml-ci.com\/wp-content\/uploads\/2025\/05\/732A3721-1-2048x1365.jpg 2048w, https:\/\/aml-ci.com\/wp-content\/uploads\/2025\/05\/732A3721-1-18x12.jpg 18w\" sizes=\"(max-width: 1200px) 100vw, 1200px\" \/>\t\t\t\t\t\t\t\t\t\t\t\t\t\t\t<\/div>\n\t\t\t\t<\/div>\n\t\t\t\t\t<\/div>\n\t\t<\/div>\n\t\t\t\t\t<\/div>\n\t\t<\/section>\n\t\t\t\t<section class=\"elementor-section elementor-top-section elementor-element elementor-element-426a2a1 elementor-section-boxed elementor-section-height-default elementor-section-height-default\" data-id=\"426a2a1\" data-element_type=\"section\" data-e-type=\"section\">\n\t\t\t\t\t\t<div class=\"elementor-container elementor-column-gap-default\">\n\t\t\t\t\t<div class=\"elementor-column elementor-col-100 elementor-top-column elementor-element elementor-element-d4e82d1\" data-id=\"d4e82d1\" data-element_type=\"column\" data-e-type=\"column\">\n\t\t\t<div class=\"elementor-widget-wrap elementor-element-populated\">\n\t\t\t\t\t\t<div class=\"elementor-element elementor-element-189c3fb elementor-widget elementor-widget-text-editor\" data-id=\"189c3fb\" data-element_type=\"widget\" data-e-type=\"widget\" data-widget_type=\"text-editor.default\">\n\t\t\t\t<div class=\"elementor-widget-container\">\n\t\t\t\t\t\t\t\t\t<p>Apr\u00e8s la r\u00e9ussite de l&rsquo;AML 06, Isma\u00ebl Bakayoko, le promoteur et son \u00e9quipe ont d\u00e9cid\u00e9 de remettre le couvert une fois de plus durant ce mois de mai. Cette fois-ci, la part belle a \u00e9t\u00e9 faite au Cameroun qui sera repr\u00e9sent\u00e9 par deux athl\u00e8tes.<a href=\"https:\/\/www.sport-ivoire.ci\/autres-sports\/aml-07-le-cameroun-%C3%A0-lhonneur-samo-samo-est-pr%C3%AAt\" target=\"_blank\" rel=\"noopener\">https:\/\/www.sport-ivoire.ci\/autres-sports\/aml-07-le-cameroun-%C3%A0-lhonneur-samo-samo-est-pr%C3%AAt<\/a><\/p>\t\t\t\t\t\t\t\t<\/div>\n\t\t\t\t<\/div>\n\t\t\t\t\t<\/div>\n\t\t<\/div>\n\t\t\t\t\t<\/div>\n\t\t<\/section>\n\t\t\t\t<\/div>","protected":false},"excerpt":{"rendered":"<p>Apr\u00e8s la r\u00e9ussite de l&rsquo;AML 06, Isma\u00ebl Bakayoko, le promoteur et son \u00e9quipe ont d\u00e9cid\u00e9 de remettre le couvert une fois de plus durant ce mois de mai. Cette fois-ci, la part belle a \u00e9t\u00e9 faite au Cameroun qui sera repr\u00e9sent\u00e9 par deux athl\u00e8tes.https:\/\/www.sport-ivoire.ci\/autres-sports\/aml-07-le-cameroun-%C3%A0-lhonneur-samo-samo-est-pr%C3%AAt<\/p>","protected":false},"author":5,"featured_media":9544,"comment_status":"open","ping_status":"open","sticky":false,"template":"","format":"standard","meta":{"site-sidebar-layout":"default","site-content-layout":"","ast-site-content-layout":"default","site-content-style":"default","site-sidebar-style":"default","ast-global-header-display":"","ast-banner-title-visibility":"","ast-main-header-display":"","ast-hfb-above-header-display":"","ast-hfb-below-header-display":"","ast-hfb-mobile-header-display":"","site-post-title":"","ast-breadcrumbs-content":"","ast-featured-img":"disabled","footer-sml-layout":"","theme-transparent-header-meta":"","adv-header-id-meta":"","stick-header-meta":"","header-above-stick-meta":"","header-main-stick-meta":"","header-below-stick-meta":"","astra-migrate-meta-layouts":"set","footnotes":""},"categories":[1],"tags":[],"class_list":["post-9538","post","type-post","status-publish","format-standard","has-post-thumbnail","hentry","category-https-sport-ivoire-ci-autres-sports-arts-martiaux-aml-06-samo-samo-battu-moussa-sounkara"],"acf":[],"yoast_head":"<!-- This site is optimized with the Yoast SEO plugin v27.4 - https:\/\/yoast.com\/product\/yoast-seo-wordpress\/ -->\n<title>AML 07 : Le Cameroun \u00e0 l&#039;honneur, Samo Samo est pr\u00eat ! - African MMA League<\/title>\n<meta name=\"robots\" content=\"index, follow, max-snippet:-1, max-image-preview:large, max-video-preview:-1\" \/>\n<link rel=\"canonical\" href=\"https:\/\/aml-ci.com\/en\/aml-07-le-cameroun-a-lhonneur-samo-samo-est-pret\/\" \/>\n<meta property=\"og:locale\" content=\"en_US\" \/>\n<meta property=\"og:type\" content=\"article\" \/>\n<meta property=\"og:title\" content=\"AML 07 : Le Cameroun \u00e0 l&#039;honneur, Samo Samo est pr\u00eat ! - African MMA League\" \/>\n<meta property=\"og:description\" content=\"Apr\u00e8s la r\u00e9ussite de l&rsquo;AML 06, Isma\u00ebl Bakayoko, le promoteur et son \u00e9quipe ont d\u00e9cid\u00e9 de remettre le couvert une fois de plus durant ce mois de mai. Cette fois-ci, la part belle a \u00e9t\u00e9 faite au Cameroun qui sera repr\u00e9sent\u00e9 par deux athl\u00e8tes.https:\/\/www.sport-ivoire.ci\/autres-sports\/aml-07-le-cameroun-%C3%A0-lhonneur-samo-samo-est-pr%C3%AAt\" \/>\n<meta property=\"og:url\" content=\"https:\/\/aml-ci.com\/en\/aml-07-le-cameroun-a-lhonneur-samo-samo-est-pret\/\" \/>\n<meta property=\"og:site_name\" content=\"African MMA League\" \/>\n<meta property=\"article:publisher\" content=\"https:\/\/web.facebook.com\/people\/African-MMA-League\/100093224844051\/\" \/>\n<meta property=\"article:published_time\" content=\"2025-05-16T17:56:40+00:00\" \/>\n<meta property=\"article:modified_time\" content=\"2025-05-16T18:04:26+00:00\" \/>\n<meta property=\"og:image\" content=\"https:\/\/aml-ci.com\/wp-content\/uploads\/2025\/05\/732A3721-2-scaled.jpg\" \/>\n\t<meta property=\"og:image:width\" content=\"2560\" \/>\n\t<meta property=\"og:image:height\" content=\"1707\" \/>\n\t<meta property=\"og:image:type\" content=\"image\/jpeg\" \/>\n<meta name=\"author\" content=\"lamine\" \/>\n<meta name=\"twitter:card\" content=\"summary_large_image\" \/>\n<meta name=\"twitter:creator\" content=\"@aml_cl\" \/>\n<meta name=\"twitter:site\" content=\"@aml_cl\" \/>\n<meta name=\"twitter:label1\" content=\"Written by\" \/>\n\t<meta name=\"twitter:data1\" content=\"lamine\" \/>\n\t<meta name=\"twitter:label2\" content=\"Est. reading time\" \/>\n\t<meta name=\"twitter:data2\" content=\"1 minute\" \/>\n<script type=\"application\/ld+json\" class=\"yoast-schema-graph\">{\"@context\":\"https:\\\/\\\/schema.org\",\"@graph\":[{\"@type\":\"Article\",\"@id\":\"https:\\\/\\\/aml-ci.com\\\/aml-07-le-cameroun-a-lhonneur-samo-samo-est-pret\\\/#article\",\"isPartOf\":{\"@id\":\"https:\\\/\\\/aml-ci.com\\\/aml-07-le-cameroun-a-lhonneur-samo-samo-est-pret\\\/\"},\"author\":{\"name\":\"lamine\",\"@id\":\"https:\\\/\\\/aml-ci.com\\\/#\\\/schema\\\/person\\\/4b54134d6160d04e8609b201f418577d\"},\"headline\":\"AML 07 : Le Cameroun \u00e0 l&rsquo;honneur, Samo Samo est pr\u00eat !\",\"datePublished\":\"2025-05-16T17:56:40+00:00\",\"dateModified\":\"2025-05-16T18:04:26+00:00\",\"mainEntityOfPage\":{\"@id\":\"https:\\\/\\\/aml-ci.com\\\/aml-07-le-cameroun-a-lhonneur-samo-samo-est-pret\\\/\"},\"wordCount\":72,\"commentCount\":0,\"publisher\":{\"@id\":\"https:\\\/\\\/aml-ci.com\\\/#organization\"},\"image\":{\"@id\":\"https:\\\/\\\/aml-ci.com\\\/aml-07-le-cameroun-a-lhonneur-samo-samo-est-pret\\\/#primaryimage\"},\"thumbnailUrl\":\"https:\\\/\\\/aml-ci.com\\\/wp-content\\\/uploads\\\/2025\\\/05\\\/732A3721-2-scaled.jpg\",\"articleSection\":[\"Presses\"],\"inLanguage\":\"en-US\",\"potentialAction\":[{\"@type\":\"CommentAction\",\"name\":\"Comment\",\"target\":[\"https:\\\/\\\/aml-ci.com\\\/aml-07-le-cameroun-a-lhonneur-samo-samo-est-pret\\\/#respond\"]}]},{\"@type\":\"WebPage\",\"@id\":\"https:\\\/\\\/aml-ci.com\\\/aml-07-le-cameroun-a-lhonneur-samo-samo-est-pret\\\/\",\"url\":\"https:\\\/\\\/aml-ci.com\\\/aml-07-le-cameroun-a-lhonneur-samo-samo-est-pret\\\/\",\"name\":\"AML 07 : Le Cameroun \u00e0 l'honneur, Samo Samo est pr\u00eat ! - African MMA League\",\"isPartOf\":{\"@id\":\"https:\\\/\\\/aml-ci.com\\\/#website\"},\"primaryImageOfPage\":{\"@id\":\"https:\\\/\\\/aml-ci.com\\\/aml-07-le-cameroun-a-lhonneur-samo-samo-est-pret\\\/#primaryimage\"},\"image\":{\"@id\":\"https:\\\/\\\/aml-ci.com\\\/aml-07-le-cameroun-a-lhonneur-samo-samo-est-pret\\\/#primaryimage\"},\"thumbnailUrl\":\"https:\\\/\\\/aml-ci.com\\\/wp-content\\\/uploads\\\/2025\\\/05\\\/732A3721-2-scaled.jpg\",\"datePublished\":\"2025-05-16T17:56:40+00:00\",\"dateModified\":\"2025-05-16T18:04:26+00:00\",\"breadcrumb\":{\"@id\":\"https:\\\/\\\/aml-ci.com\\\/aml-07-le-cameroun-a-lhonneur-samo-samo-est-pret\\\/#breadcrumb\"},\"inLanguage\":\"en-US\",\"potentialAction\":[{\"@type\":\"ReadAction\",\"target\":[\"https:\\\/\\\/aml-ci.com\\\/aml-07-le-cameroun-a-lhonneur-samo-samo-est-pret\\\/\"]}]},{\"@type\":\"ImageObject\",\"inLanguage\":\"en-US\",\"@id\":\"https:\\\/\\\/aml-ci.com\\\/aml-07-le-cameroun-a-lhonneur-samo-samo-est-pret\\\/#primaryimage\",\"url\":\"https:\\\/\\\/aml-ci.com\\\/wp-content\\\/uploads\\\/2025\\\/05\\\/732A3721-2-scaled.jpg\",\"contentUrl\":\"https:\\\/\\\/aml-ci.com\\\/wp-content\\\/uploads\\\/2025\\\/05\\\/732A3721-2-scaled.jpg\",\"width\":2560,\"height\":1707},{\"@type\":\"BreadcrumbList\",\"@id\":\"https:\\\/\\\/aml-ci.com\\\/aml-07-le-cameroun-a-lhonneur-samo-samo-est-pret\\\/#breadcrumb\",\"itemListElement\":[{\"@type\":\"ListItem\",\"position\":1,\"name\":\"Home\",\"item\":\"https:\\\/\\\/aml-ci.com\\\/\"},{\"@type\":\"ListItem\",\"position\":2,\"name\":\"AML 07 : Le Cameroun \u00e0 l&#8217;honneur, Samo Samo est pr\u00eat !\"}]},{\"@type\":\"WebSite\",\"@id\":\"https:\\\/\\\/aml-ci.com\\\/#website\",\"url\":\"https:\\\/\\\/aml-ci.com\\\/\",\"name\":\"African MMA League\",\"description\":\"AML\",\"publisher\":{\"@id\":\"https:\\\/\\\/aml-ci.com\\\/#organization\"},\"potentialAction\":[{\"@type\":\"SearchAction\",\"target\":{\"@type\":\"EntryPoint\",\"urlTemplate\":\"https:\\\/\\\/aml-ci.com\\\/?s={search_term_string}\"},\"query-input\":{\"@type\":\"PropertyValueSpecification\",\"valueRequired\":true,\"valueName\":\"search_term_string\"}}],\"inLanguage\":\"en-US\"},{\"@type\":\"Organization\",\"@id\":\"https:\\\/\\\/aml-ci.com\\\/#organization\",\"name\":\"African MMA League\",\"url\":\"https:\\\/\\\/aml-ci.com\\\/\",\"logo\":{\"@type\":\"ImageObject\",\"inLanguage\":\"en-US\",\"@id\":\"https:\\\/\\\/aml-ci.com\\\/#\\\/schema\\\/logo\\\/image\\\/\",\"url\":\"https:\\\/\\\/aml-ci.com\\\/wp-content\\\/uploads\\\/2023\\\/01\\\/African-MMA-League-02-4-2-e1676899237520.png\",\"contentUrl\":\"https:\\\/\\\/aml-ci.com\\\/wp-content\\\/uploads\\\/2023\\\/01\\\/African-MMA-League-02-4-2-e1676899237520.png\",\"width\":1165,\"height\":480,\"caption\":\"African MMA League\"},\"image\":{\"@id\":\"https:\\\/\\\/aml-ci.com\\\/#\\\/schema\\\/logo\\\/image\\\/\"},\"sameAs\":[\"https:\\\/\\\/web.facebook.com\\\/people\\\/African-MMA-League\\\/100093224844051\\\/\",\"https:\\\/\\\/x.com\\\/aml_cl\",\"https:\\\/\\\/www.tiktok.com\\\/@africanmmaleague\",\"https:\\\/\\\/www.youtube.com\\\/@AfricanMMALeague\"]},{\"@type\":\"Person\",\"@id\":\"https:\\\/\\\/aml-ci.com\\\/#\\\/schema\\\/person\\\/4b54134d6160d04e8609b201f418577d\",\"name\":\"lamine\",\"image\":{\"@type\":\"ImageObject\",\"inLanguage\":\"en-US\",\"@id\":\"https:\\\/\\\/secure.gravatar.com\\\/avatar\\\/6ea4197fe8fdee711c55fcedc88506c5b4a41d7cc4a6897168a8fcae72a60be9?s=96&d=mm&r=g\",\"url\":\"https:\\\/\\\/secure.gravatar.com\\\/avatar\\\/6ea4197fe8fdee711c55fcedc88506c5b4a41d7cc4a6897168a8fcae72a60be9?s=96&d=mm&r=g\",\"contentUrl\":\"https:\\\/\\\/secure.gravatar.com\\\/avatar\\\/6ea4197fe8fdee711c55fcedc88506c5b4a41d7cc4a6897168a8fcae72a60be9?s=96&d=mm&r=g\",\"caption\":\"lamine\"},\"url\":\"https:\\\/\\\/aml-ci.com\\\/en\\\/author\\\/lamine\\\/\"}]}<\/script>\n<!-- \/ Yoast SEO plugin. -->","yoast_head_json":{"title":"AML 07 : Le Cameroun \u00e0 l'honneur, Samo Samo est pr\u00eat ! - African MMA League","robots":{"index":"index","follow":"follow","max-snippet":"max-snippet:-1","max-image-preview":"max-image-preview:large","max-video-preview":"max-video-preview:-1"},"canonical":"https:\/\/aml-ci.com\/en\/aml-07-le-cameroun-a-lhonneur-samo-samo-est-pret\/","og_locale":"en_US","og_type":"article","og_title":"AML 07 : Le Cameroun \u00e0 l'honneur, Samo Samo est pr\u00eat ! - African MMA League","og_description":"Apr\u00e8s la r\u00e9ussite de l&rsquo;AML 06, Isma\u00ebl Bakayoko, le promoteur et son \u00e9quipe ont d\u00e9cid\u00e9 de remettre le couvert une fois de plus durant ce mois de mai. Cette fois-ci, la part belle a \u00e9t\u00e9 faite au Cameroun qui sera repr\u00e9sent\u00e9 par deux athl\u00e8tes.https:\/\/www.sport-ivoire.ci\/autres-sports\/aml-07-le-cameroun-%C3%A0-lhonneur-samo-samo-est-pr%C3%AAt","og_url":"https:\/\/aml-ci.com\/en\/aml-07-le-cameroun-a-lhonneur-samo-samo-est-pret\/","og_site_name":"African MMA League","article_publisher":"https:\/\/web.facebook.com\/people\/African-MMA-League\/100093224844051\/","article_published_time":"2025-05-16T17:56:40+00:00","article_modified_time":"2025-05-16T18:04:26+00:00","og_image":[{"width":2560,"height":1707,"url":"https:\/\/aml-ci.com\/wp-content\/uploads\/2025\/05\/732A3721-2-scaled.jpg","type":"image\/jpeg"}],"author":"lamine","twitter_card":"summary_large_image","twitter_creator":"@aml_cl","twitter_site":"@aml_cl","twitter_misc":{"Written by":"lamine","Est. reading time":"1 minute"},"schema":{"@context":"https:\/\/schema.org","@graph":[{"@type":"Article","@id":"https:\/\/aml-ci.com\/aml-07-le-cameroun-a-lhonneur-samo-samo-est-pret\/#article","isPartOf":{"@id":"https:\/\/aml-ci.com\/aml-07-le-cameroun-a-lhonneur-samo-samo-est-pret\/"},"author":{"name":"lamine","@id":"https:\/\/aml-ci.com\/#\/schema\/person\/4b54134d6160d04e8609b201f418577d"},"headline":"AML 07 : Le Cameroun \u00e0 l&rsquo;honneur, Samo Samo est pr\u00eat !","datePublished":"2025-05-16T17:56:40+00:00","dateModified":"2025-05-16T18:04:26+00:00","mainEntityOfPage":{"@id":"https:\/\/aml-ci.com\/aml-07-le-cameroun-a-lhonneur-samo-samo-est-pret\/"},"wordCount":72,"commentCount":0,"publisher":{"@id":"https:\/\/aml-ci.com\/#organization"},"image":{"@id":"https:\/\/aml-ci.com\/aml-07-le-cameroun-a-lhonneur-samo-samo-est-pret\/#primaryimage"},"thumbnailUrl":"https:\/\/aml-ci.com\/wp-content\/uploads\/2025\/05\/732A3721-2-scaled.jpg","articleSection":["Presses"],"inLanguage":"en-US","potentialAction":[{"@type":"CommentAction","name":"Comment","target":["https:\/\/aml-ci.com\/aml-07-le-cameroun-a-lhonneur-samo-samo-est-pret\/#respond"]}]},{"@type":"WebPage","@id":"https:\/\/aml-ci.com\/aml-07-le-cameroun-a-lhonneur-samo-samo-est-pret\/","url":"https:\/\/aml-ci.com\/aml-07-le-cameroun-a-lhonneur-samo-samo-est-pret\/","name":"AML 07 : Le Cameroun \u00e0 l'honneur, Samo Samo est pr\u00eat ! - African MMA League","isPartOf":{"@id":"https:\/\/aml-ci.com\/#website"},"primaryImageOfPage":{"@id":"https:\/\/aml-ci.com\/aml-07-le-cameroun-a-lhonneur-samo-samo-est-pret\/#primaryimage"},"image":{"@id":"https:\/\/aml-ci.com\/aml-07-le-cameroun-a-lhonneur-samo-samo-est-pret\/#primaryimage"},"thumbnailUrl":"https:\/\/aml-ci.com\/wp-content\/uploads\/2025\/05\/732A3721-2-scaled.jpg","datePublished":"2025-05-16T17:56:40+00:00","dateModified":"2025-05-16T18:04:26+00:00","breadcrumb":{"@id":"https:\/\/aml-ci.com\/aml-07-le-cameroun-a-lhonneur-samo-samo-est-pret\/#breadcrumb"},"inLanguage":"en-US","potentialAction":[{"@type":"ReadAction","target":["https:\/\/aml-ci.com\/aml-07-le-cameroun-a-lhonneur-samo-samo-est-pret\/"]}]},{"@type":"ImageObject","inLanguage":"en-US","@id":"https:\/\/aml-ci.com\/aml-07-le-cameroun-a-lhonneur-samo-samo-est-pret\/#primaryimage","url":"https:\/\/aml-ci.com\/wp-content\/uploads\/2025\/05\/732A3721-2-scaled.jpg","contentUrl":"https:\/\/aml-ci.com\/wp-content\/uploads\/2025\/05\/732A3721-2-scaled.jpg","width":2560,"height":1707},{"@type":"BreadcrumbList","@id":"https:\/\/aml-ci.com\/aml-07-le-cameroun-a-lhonneur-samo-samo-est-pret\/#breadcrumb","itemListElement":[{"@type":"ListItem","position":1,"name":"Home","item":"https:\/\/aml-ci.com\/"},{"@type":"ListItem","position":2,"name":"AML 07 : Le Cameroun \u00e0 l&#8217;honneur, Samo Samo est pr\u00eat !"}]},{"@type":"WebSite","@id":"https:\/\/aml-ci.com\/#website","url":"https:\/\/aml-ci.com\/","name":"African MMA League","description":"AML","publisher":{"@id":"https:\/\/aml-ci.com\/#organization"},"potentialAction":[{"@type":"SearchAction","target":{"@type":"EntryPoint","urlTemplate":"https:\/\/aml-ci.com\/?s={search_term_string}"},"query-input":{"@type":"PropertyValueSpecification","valueRequired":true,"valueName":"search_term_string"}}],"inLanguage":"en-US"},{"@type":"Organization","@id":"https:\/\/aml-ci.com\/#organization","name":"African MMA League","url":"https:\/\/aml-ci.com\/","logo":{"@type":"ImageObject","inLanguage":"en-US","@id":"https:\/\/aml-ci.com\/#\/schema\/logo\/image\/","url":"https:\/\/aml-ci.com\/wp-content\/uploads\/2023\/01\/African-MMA-League-02-4-2-e1676899237520.png","contentUrl":"https:\/\/aml-ci.com\/wp-content\/uploads\/2023\/01\/African-MMA-League-02-4-2-e1676899237520.png","width":1165,"height":480,"caption":"African MMA League"},"image":{"@id":"https:\/\/aml-ci.com\/#\/schema\/logo\/image\/"},"sameAs":["https:\/\/web.facebook.com\/people\/African-MMA-League\/100093224844051\/","https:\/\/x.com\/aml_cl","https:\/\/www.tiktok.com\/@africanmmaleague","https:\/\/www.youtube.com\/@AfricanMMALeague"]},{"@type":"Person","@id":"https:\/\/aml-ci.com\/#\/schema\/person\/4b54134d6160d04e8609b201f418577d","name":"lamine","image":{"@type":"ImageObject","inLanguage":"en-US","@id":"https:\/\/secure.gravatar.com\/avatar\/6ea4197fe8fdee711c55fcedc88506c5b4a41d7cc4a6897168a8fcae72a60be9?s=96&d=mm&r=g","url":"https:\/\/secure.gravatar.com\/avatar\/6ea4197fe8fdee711c55fcedc88506c5b4a41d7cc4a6897168a8fcae72a60be9?s=96&d=mm&r=g","contentUrl":"https:\/\/secure.gravatar.com\/avatar\/6ea4197fe8fdee711c55fcedc88506c5b4a41d7cc4a6897168a8fcae72a60be9?s=96&d=mm&r=g","caption":"lamine"},"url":"https:\/\/aml-ci.com\/en\/author\/lamine\/"}]}},"_links":{"self":[{"href":"https:\/\/aml-ci.com\/en\/wp-json\/wp\/v2\/posts\/9538","targetHints":{"allow":["GET"]}}],"collection":[{"href":"https:\/\/aml-ci.com\/en\/wp-json\/wp\/v2\/posts"}],"about":[{"href":"https:\/\/aml-ci.com\/en\/wp-json\/wp\/v2\/types\/post"}],"author":[{"embeddable":true,"href":"https:\/\/aml-ci.com\/en\/wp-json\/wp\/v2\/users\/5"}],"replies":[{"embeddable":true,"href":"https:\/\/aml-ci.com\/en\/wp-json\/wp\/v2\/comments?post=9538"}],"version-history":[{"count":5,"href":"https:\/\/aml-ci.com\/en\/wp-json\/wp\/v2\/posts\/9538\/revisions"}],"predecessor-version":[{"id":9545,"href":"https:\/\/aml-ci.com\/en\/wp-json\/wp\/v2\/posts\/9538\/revisions\/9545"}],"wp:featuredmedia":[{"embeddable":true,"href":"https:\/\/aml-ci.com\/en\/wp-json\/wp\/v2\/media\/9544"}],"wp:attachment":[{"href":"https:\/\/aml-ci.com\/en\/wp-json\/wp\/v2\/media?parent=9538"}],"wp:term":[{"taxonomy":"category","embeddable":true,"href":"https:\/\/aml-ci.com\/en\/wp-json\/wp\/v2\/categories?post=9538"},{"taxonomy":"post_tag","embeddable":true,"href":"https:\/\/aml-ci.com\/en\/wp-json\/wp\/v2\/tags?post=9538"}],"curies":[{"name":"wp","href":"https:\/\/api.w.org\/{rel}","templated":true}]}}