{"id":9522,"date":"2025-05-16T19:09:52","date_gmt":"2025-05-16T14:09:52","guid":{"rendered":"https:\/\/aml-ci.com\/?p=9522"},"modified":"2025-05-16T19:15:05","modified_gmt":"2025-05-16T14:15:05","slug":"ismael-bakayoko-pdt-aml-les-combats-seront-de-qualite","status":"publish","type":"post","link":"https:\/\/aml-ci.com\/en\/ismael-bakayoko-pdt-aml-les-combats-seront-de-qualite\/","title":{"rendered":"Isma\u00ebl Bakayoko (Pdt AML): \u201d Les combats seront de qualit\u00e9\u201d"},"content":{"rendered":"<div data-elementor-type=\"wp-post\" data-elementor-id=\"9522\" class=\"elementor elementor-9522\">\n\t\t\t\t\t\t<section class=\"elementor-section elementor-top-section elementor-element elementor-element-d71ca05 elementor-section-boxed elementor-section-height-default elementor-section-height-default\" data-id=\"d71ca05\" data-element_type=\"section\" data-e-type=\"section\">\n\t\t\t\t\t\t<div class=\"elementor-container elementor-column-gap-default\">\n\t\t\t\t\t<div class=\"elementor-column elementor-col-100 elementor-top-column elementor-element elementor-element-27250bd\" data-id=\"27250bd\" data-element_type=\"column\" data-e-type=\"column\">\n\t\t\t<div class=\"elementor-widget-wrap elementor-element-populated\">\n\t\t\t\t\t\t<div class=\"elementor-element elementor-element-75893b1 dce_masking-none elementor-widget elementor-widget-image\" data-id=\"75893b1\" data-element_type=\"widget\" data-e-type=\"widget\" data-widget_type=\"image.default\">\n\t\t\t\t<div class=\"elementor-widget-container\">\n\t\t\t\t\t\t\t\t\t\t\t\t\t\t\t<img fetchpriority=\"high\" decoding=\"async\" width=\"720\" height=\"480\" src=\"https:\/\/aml-ci.com\/wp-content\/uploads\/2025\/05\/IMG-20250516-WA0069.jpg\" class=\"attachment-large size-large wp-image-9523\" alt=\"\" srcset=\"https:\/\/aml-ci.com\/wp-content\/uploads\/2025\/05\/IMG-20250516-WA0069.jpg 720w, https:\/\/aml-ci.com\/wp-content\/uploads\/2025\/05\/IMG-20250516-WA0069-18x12.jpg 18w\" sizes=\"(max-width: 720px) 100vw, 720px\" \/>\t\t\t\t\t\t\t\t\t\t\t\t\t\t\t<\/div>\n\t\t\t\t<\/div>\n\t\t\t\t\t<\/div>\n\t\t<\/div>\n\t\t\t\t\t<\/div>\n\t\t<\/section>\n\t\t\t\t<section class=\"elementor-section elementor-top-section elementor-element elementor-element-af0f584 elementor-section-boxed elementor-section-height-default elementor-section-height-default\" data-id=\"af0f584\" data-element_type=\"section\" data-e-type=\"section\">\n\t\t\t\t\t\t<div class=\"elementor-container elementor-column-gap-default\">\n\t\t\t\t\t<div class=\"elementor-column elementor-col-100 elementor-top-column elementor-element elementor-element-6e9ce22\" data-id=\"6e9ce22\" data-element_type=\"column\" data-e-type=\"column\">\n\t\t\t<div class=\"elementor-widget-wrap elementor-element-populated\">\n\t\t\t\t\t\t<div class=\"elementor-element elementor-element-f9c5352 elementor-widget elementor-widget-text-editor\" data-id=\"f9c5352\" data-element_type=\"widget\" data-e-type=\"widget\" data-widget_type=\"text-editor.default\">\n\t\t\t\t<div class=\"elementor-widget-container\">\n\t\t\t\t\t\t\t\t\t<p>En marge de la pes\u00e9e dans le cadre de l\u2019AML07, le pr\u00e9sident Isma\u00ebl Bakayoko a rassur\u00e9 sur la qualit\u00e9 des combats, ce samedi 17 mai 2025, au CSCTICAO.<\/p><p><strong>Combien de combats aura-t-on \u00e0 l\u2019AML07 ?<\/strong><\/p><p>Il y aura 13 combats dont deux entre la C\u00f4te d\u2019Ivoire et le Cameroun. Il y aura un after work dans l\u2019AML07 afin de permette aux athl\u00e8tes d\u2019\u00e9changer pour mieux se conna\u00eetre&#8230;.<\/p><p><a href=\"https:\/\/www.supersport.ci\/sport-de-combat\/mma\/ismael-bakayoko-pdt-aml-les-combats-seront-de-qualite\/\">https:\/\/www.supersport.ci\/sport-de-combat\/mma\/ismael-bakayoko-pdt-aml-les-combats-seront-de-qualite\/<\/a><\/p>\t\t\t\t\t\t\t\t<\/div>\n\t\t\t\t<\/div>\n\t\t\t\t\t<\/div>\n\t\t<\/div>\n\t\t\t\t\t<\/div>\n\t\t<\/section>\n\t\t\t\t<\/div>","protected":false},"excerpt":{"rendered":"<p>En marge de la pes\u00e9e dans le cadre de l\u2019AML07, le pr\u00e9sident Isma\u00ebl Bakayoko a rassur\u00e9 sur la qualit\u00e9 des combats, ce samedi 17 mai 2025, au CSCTICAO. Combien de combats aura-t-on \u00e0 l\u2019AML07 ? Il y aura 13 combats dont deux entre la C\u00f4te d\u2019Ivoire et le Cameroun. Il y aura un after work &hellip;<\/p>\n<p class=\"read-more\"> <a class=\"\" href=\"https:\/\/aml-ci.com\/en\/ismael-bakayoko-pdt-aml-les-combats-seront-de-qualite\/\"> <span class=\"screen-reader-text\">Isma\u00ebl Bakayoko (Pdt AML): \u201d Les combats seront de qualit\u00e9\u201d<\/span> Read More \u00bb<\/a><\/p>","protected":false},"author":5,"featured_media":9527,"comment_status":"open","ping_status":"open","sticky":false,"template":"","format":"standard","meta":{"site-sidebar-layout":"default","site-content-layout":"","ast-site-content-layout":"default","site-content-style":"default","site-sidebar-style":"default","ast-global-header-display":"","ast-banner-title-visibility":"","ast-main-header-display":"","ast-hfb-above-header-display":"","ast-hfb-below-header-display":"","ast-hfb-mobile-header-display":"","site-post-title":"","ast-breadcrumbs-content":"","ast-featured-img":"disabled","footer-sml-layout":"","theme-transparent-header-meta":"","adv-header-id-meta":"","stick-header-meta":"","header-above-stick-meta":"","header-main-stick-meta":"","header-below-stick-meta":"","astra-migrate-meta-layouts":"set","footnotes":""},"categories":[1],"tags":[],"class_list":["post-9522","post","type-post","status-publish","format-standard","has-post-thumbnail","hentry","category-https-sport-ivoire-ci-autres-sports-arts-martiaux-aml-06-samo-samo-battu-moussa-sounkara"],"acf":[],"yoast_head":"<!-- This site is optimized with the Yoast SEO plugin v27.4 - https:\/\/yoast.com\/product\/yoast-seo-wordpress\/ -->\n<title>Isma\u00ebl Bakayoko (Pdt AML): \u201d Les combats seront de qualit\u00e9\u201d - African MMA League<\/title>\n<meta name=\"robots\" content=\"index, follow, max-snippet:-1, max-image-preview:large, max-video-preview:-1\" \/>\n<link rel=\"canonical\" href=\"https:\/\/aml-ci.com\/en\/ismael-bakayoko-pdt-aml-les-combats-seront-de-qualite\/\" \/>\n<meta property=\"og:locale\" content=\"en_US\" \/>\n<meta property=\"og:type\" content=\"article\" \/>\n<meta property=\"og:title\" content=\"Isma\u00ebl Bakayoko (Pdt AML): \u201d Les combats seront de qualit\u00e9\u201d - African MMA League\" \/>\n<meta property=\"og:description\" content=\"En marge de la pes\u00e9e dans le cadre de l\u2019AML07, le pr\u00e9sident Isma\u00ebl Bakayoko a rassur\u00e9 sur la qualit\u00e9 des combats, ce samedi 17 mai 2025, au CSCTICAO. Combien de combats aura-t-on \u00e0 l\u2019AML07 ? Il y aura 13 combats dont deux entre la C\u00f4te d\u2019Ivoire et le Cameroun. Il y aura un after work &hellip; Isma\u00ebl Bakayoko (Pdt AML): \u201d Les combats seront de qualit\u00e9\u201d Read More \u00bb\" \/>\n<meta property=\"og:url\" content=\"https:\/\/aml-ci.com\/en\/ismael-bakayoko-pdt-aml-les-combats-seront-de-qualite\/\" \/>\n<meta property=\"og:site_name\" content=\"African MMA League\" \/>\n<meta property=\"article:publisher\" content=\"https:\/\/web.facebook.com\/people\/African-MMA-League\/100093224844051\/\" \/>\n<meta property=\"article:published_time\" content=\"2025-05-16T14:09:52+00:00\" \/>\n<meta property=\"article:modified_time\" content=\"2025-05-16T14:15:05+00:00\" \/>\n<meta property=\"og:image\" content=\"https:\/\/aml-ci.com\/wp-content\/uploads\/2025\/05\/IMG-20250516-WA0069-1.jpg\" \/>\n\t<meta property=\"og:image:width\" content=\"720\" \/>\n\t<meta property=\"og:image:height\" content=\"480\" \/>\n\t<meta property=\"og:image:type\" content=\"image\/jpeg\" \/>\n<meta name=\"author\" content=\"lamine\" \/>\n<meta name=\"twitter:card\" content=\"summary_large_image\" \/>\n<meta name=\"twitter:creator\" content=\"@aml_cl\" \/>\n<meta name=\"twitter:site\" content=\"@aml_cl\" \/>\n<meta name=\"twitter:label1\" content=\"Written by\" \/>\n\t<meta name=\"twitter:data1\" content=\"lamine\" \/>\n\t<meta name=\"twitter:label2\" content=\"Est. reading time\" \/>\n\t<meta name=\"twitter:data2\" content=\"1 minute\" \/>\n<script type=\"application\/ld+json\" class=\"yoast-schema-graph\">{\"@context\":\"https:\\\/\\\/schema.org\",\"@graph\":[{\"@type\":\"Article\",\"@id\":\"https:\\\/\\\/aml-ci.com\\\/ismael-bakayoko-pdt-aml-les-combats-seront-de-qualite\\\/#article\",\"isPartOf\":{\"@id\":\"https:\\\/\\\/aml-ci.com\\\/ismael-bakayoko-pdt-aml-les-combats-seront-de-qualite\\\/\"},\"author\":{\"name\":\"lamine\",\"@id\":\"https:\\\/\\\/aml-ci.com\\\/#\\\/schema\\\/person\\\/4b54134d6160d04e8609b201f418577d\"},\"headline\":\"Isma\u00ebl Bakayoko (Pdt AML): \u201d Les combats seront de qualit\u00e9\u201d\",\"datePublished\":\"2025-05-16T14:09:52+00:00\",\"dateModified\":\"2025-05-16T14:15:05+00:00\",\"mainEntityOfPage\":{\"@id\":\"https:\\\/\\\/aml-ci.com\\\/ismael-bakayoko-pdt-aml-les-combats-seront-de-qualite\\\/\"},\"wordCount\":90,\"commentCount\":0,\"publisher\":{\"@id\":\"https:\\\/\\\/aml-ci.com\\\/#organization\"},\"image\":{\"@id\":\"https:\\\/\\\/aml-ci.com\\\/ismael-bakayoko-pdt-aml-les-combats-seront-de-qualite\\\/#primaryimage\"},\"thumbnailUrl\":\"https:\\\/\\\/aml-ci.com\\\/wp-content\\\/uploads\\\/2025\\\/05\\\/IMG-20250516-WA0069-1.jpg\",\"articleSection\":[\"Presses\"],\"inLanguage\":\"en-US\",\"potentialAction\":[{\"@type\":\"CommentAction\",\"name\":\"Comment\",\"target\":[\"https:\\\/\\\/aml-ci.com\\\/ismael-bakayoko-pdt-aml-les-combats-seront-de-qualite\\\/#respond\"]}]},{\"@type\":\"WebPage\",\"@id\":\"https:\\\/\\\/aml-ci.com\\\/ismael-bakayoko-pdt-aml-les-combats-seront-de-qualite\\\/\",\"url\":\"https:\\\/\\\/aml-ci.com\\\/ismael-bakayoko-pdt-aml-les-combats-seront-de-qualite\\\/\",\"name\":\"Isma\u00ebl Bakayoko (Pdt AML): \u201d Les combats seront de qualit\u00e9\u201d - African MMA League\",\"isPartOf\":{\"@id\":\"https:\\\/\\\/aml-ci.com\\\/#website\"},\"primaryImageOfPage\":{\"@id\":\"https:\\\/\\\/aml-ci.com\\\/ismael-bakayoko-pdt-aml-les-combats-seront-de-qualite\\\/#primaryimage\"},\"image\":{\"@id\":\"https:\\\/\\\/aml-ci.com\\\/ismael-bakayoko-pdt-aml-les-combats-seront-de-qualite\\\/#primaryimage\"},\"thumbnailUrl\":\"https:\\\/\\\/aml-ci.com\\\/wp-content\\\/uploads\\\/2025\\\/05\\\/IMG-20250516-WA0069-1.jpg\",\"datePublished\":\"2025-05-16T14:09:52+00:00\",\"dateModified\":\"2025-05-16T14:15:05+00:00\",\"breadcrumb\":{\"@id\":\"https:\\\/\\\/aml-ci.com\\\/ismael-bakayoko-pdt-aml-les-combats-seront-de-qualite\\\/#breadcrumb\"},\"inLanguage\":\"en-US\",\"potentialAction\":[{\"@type\":\"ReadAction\",\"target\":[\"https:\\\/\\\/aml-ci.com\\\/ismael-bakayoko-pdt-aml-les-combats-seront-de-qualite\\\/\"]}]},{\"@type\":\"ImageObject\",\"inLanguage\":\"en-US\",\"@id\":\"https:\\\/\\\/aml-ci.com\\\/ismael-bakayoko-pdt-aml-les-combats-seront-de-qualite\\\/#primaryimage\",\"url\":\"https:\\\/\\\/aml-ci.com\\\/wp-content\\\/uploads\\\/2025\\\/05\\\/IMG-20250516-WA0069-1.jpg\",\"contentUrl\":\"https:\\\/\\\/aml-ci.com\\\/wp-content\\\/uploads\\\/2025\\\/05\\\/IMG-20250516-WA0069-1.jpg\",\"width\":720,\"height\":480},{\"@type\":\"BreadcrumbList\",\"@id\":\"https:\\\/\\\/aml-ci.com\\\/ismael-bakayoko-pdt-aml-les-combats-seront-de-qualite\\\/#breadcrumb\",\"itemListElement\":[{\"@type\":\"ListItem\",\"position\":1,\"name\":\"Home\",\"item\":\"https:\\\/\\\/aml-ci.com\\\/\"},{\"@type\":\"ListItem\",\"position\":2,\"name\":\"Isma\u00ebl Bakayoko (Pdt AML): \u201d Les combats seront de qualit\u00e9\u201d\"}]},{\"@type\":\"WebSite\",\"@id\":\"https:\\\/\\\/aml-ci.com\\\/#website\",\"url\":\"https:\\\/\\\/aml-ci.com\\\/\",\"name\":\"African MMA League\",\"description\":\"AML\",\"publisher\":{\"@id\":\"https:\\\/\\\/aml-ci.com\\\/#organization\"},\"potentialAction\":[{\"@type\":\"SearchAction\",\"target\":{\"@type\":\"EntryPoint\",\"urlTemplate\":\"https:\\\/\\\/aml-ci.com\\\/?s={search_term_string}\"},\"query-input\":{\"@type\":\"PropertyValueSpecification\",\"valueRequired\":true,\"valueName\":\"search_term_string\"}}],\"inLanguage\":\"en-US\"},{\"@type\":\"Organization\",\"@id\":\"https:\\\/\\\/aml-ci.com\\\/#organization\",\"name\":\"African MMA League\",\"url\":\"https:\\\/\\\/aml-ci.com\\\/\",\"logo\":{\"@type\":\"ImageObject\",\"inLanguage\":\"en-US\",\"@id\":\"https:\\\/\\\/aml-ci.com\\\/#\\\/schema\\\/logo\\\/image\\\/\",\"url\":\"https:\\\/\\\/aml-ci.com\\\/wp-content\\\/uploads\\\/2023\\\/01\\\/African-MMA-League-02-4-2-e1676899237520.png\",\"contentUrl\":\"https:\\\/\\\/aml-ci.com\\\/wp-content\\\/uploads\\\/2023\\\/01\\\/African-MMA-League-02-4-2-e1676899237520.png\",\"width\":1165,\"height\":480,\"caption\":\"African MMA League\"},\"image\":{\"@id\":\"https:\\\/\\\/aml-ci.com\\\/#\\\/schema\\\/logo\\\/image\\\/\"},\"sameAs\":[\"https:\\\/\\\/web.facebook.com\\\/people\\\/African-MMA-League\\\/100093224844051\\\/\",\"https:\\\/\\\/x.com\\\/aml_cl\",\"https:\\\/\\\/www.tiktok.com\\\/@africanmmaleague\",\"https:\\\/\\\/www.youtube.com\\\/@AfricanMMALeague\"]},{\"@type\":\"Person\",\"@id\":\"https:\\\/\\\/aml-ci.com\\\/#\\\/schema\\\/person\\\/4b54134d6160d04e8609b201f418577d\",\"name\":\"lamine\",\"image\":{\"@type\":\"ImageObject\",\"inLanguage\":\"en-US\",\"@id\":\"https:\\\/\\\/secure.gravatar.com\\\/avatar\\\/6ea4197fe8fdee711c55fcedc88506c5b4a41d7cc4a6897168a8fcae72a60be9?s=96&d=mm&r=g\",\"url\":\"https:\\\/\\\/secure.gravatar.com\\\/avatar\\\/6ea4197fe8fdee711c55fcedc88506c5b4a41d7cc4a6897168a8fcae72a60be9?s=96&d=mm&r=g\",\"contentUrl\":\"https:\\\/\\\/secure.gravatar.com\\\/avatar\\\/6ea4197fe8fdee711c55fcedc88506c5b4a41d7cc4a6897168a8fcae72a60be9?s=96&d=mm&r=g\",\"caption\":\"lamine\"},\"url\":\"https:\\\/\\\/aml-ci.com\\\/en\\\/author\\\/lamine\\\/\"}]}<\/script>\n<!-- \/ Yoast SEO plugin. -->","yoast_head_json":{"title":"Isma\u00ebl Bakayoko (Pdt AML): \u201d Les combats seront de qualit\u00e9\u201d - African MMA League","robots":{"index":"index","follow":"follow","max-snippet":"max-snippet:-1","max-image-preview":"max-image-preview:large","max-video-preview":"max-video-preview:-1"},"canonical":"https:\/\/aml-ci.com\/en\/ismael-bakayoko-pdt-aml-les-combats-seront-de-qualite\/","og_locale":"en_US","og_type":"article","og_title":"Isma\u00ebl Bakayoko (Pdt AML): \u201d Les combats seront de qualit\u00e9\u201d - African MMA League","og_description":"En marge de la pes\u00e9e dans le cadre de l\u2019AML07, le pr\u00e9sident Isma\u00ebl Bakayoko a rassur\u00e9 sur la qualit\u00e9 des combats, ce samedi 17 mai 2025, au CSCTICAO. Combien de combats aura-t-on \u00e0 l\u2019AML07 ? Il y aura 13 combats dont deux entre la C\u00f4te d\u2019Ivoire et le Cameroun. Il y aura un after work &hellip; Isma\u00ebl Bakayoko (Pdt AML): \u201d Les combats seront de qualit\u00e9\u201d Read More \u00bb","og_url":"https:\/\/aml-ci.com\/en\/ismael-bakayoko-pdt-aml-les-combats-seront-de-qualite\/","og_site_name":"African MMA League","article_publisher":"https:\/\/web.facebook.com\/people\/African-MMA-League\/100093224844051\/","article_published_time":"2025-05-16T14:09:52+00:00","article_modified_time":"2025-05-16T14:15:05+00:00","og_image":[{"width":720,"height":480,"url":"https:\/\/aml-ci.com\/wp-content\/uploads\/2025\/05\/IMG-20250516-WA0069-1.jpg","type":"image\/jpeg"}],"author":"lamine","twitter_card":"summary_large_image","twitter_creator":"@aml_cl","twitter_site":"@aml_cl","twitter_misc":{"Written by":"lamine","Est. reading time":"1 minute"},"schema":{"@context":"https:\/\/schema.org","@graph":[{"@type":"Article","@id":"https:\/\/aml-ci.com\/ismael-bakayoko-pdt-aml-les-combats-seront-de-qualite\/#article","isPartOf":{"@id":"https:\/\/aml-ci.com\/ismael-bakayoko-pdt-aml-les-combats-seront-de-qualite\/"},"author":{"name":"lamine","@id":"https:\/\/aml-ci.com\/#\/schema\/person\/4b54134d6160d04e8609b201f418577d"},"headline":"Isma\u00ebl Bakayoko (Pdt AML): \u201d Les combats seront de qualit\u00e9\u201d","datePublished":"2025-05-16T14:09:52+00:00","dateModified":"2025-05-16T14:15:05+00:00","mainEntityOfPage":{"@id":"https:\/\/aml-ci.com\/ismael-bakayoko-pdt-aml-les-combats-seront-de-qualite\/"},"wordCount":90,"commentCount":0,"publisher":{"@id":"https:\/\/aml-ci.com\/#organization"},"image":{"@id":"https:\/\/aml-ci.com\/ismael-bakayoko-pdt-aml-les-combats-seront-de-qualite\/#primaryimage"},"thumbnailUrl":"https:\/\/aml-ci.com\/wp-content\/uploads\/2025\/05\/IMG-20250516-WA0069-1.jpg","articleSection":["Presses"],"inLanguage":"en-US","potentialAction":[{"@type":"CommentAction","name":"Comment","target":["https:\/\/aml-ci.com\/ismael-bakayoko-pdt-aml-les-combats-seront-de-qualite\/#respond"]}]},{"@type":"WebPage","@id":"https:\/\/aml-ci.com\/ismael-bakayoko-pdt-aml-les-combats-seront-de-qualite\/","url":"https:\/\/aml-ci.com\/ismael-bakayoko-pdt-aml-les-combats-seront-de-qualite\/","name":"Isma\u00ebl Bakayoko (Pdt AML): \u201d Les combats seront de qualit\u00e9\u201d - African MMA League","isPartOf":{"@id":"https:\/\/aml-ci.com\/#website"},"primaryImageOfPage":{"@id":"https:\/\/aml-ci.com\/ismael-bakayoko-pdt-aml-les-combats-seront-de-qualite\/#primaryimage"},"image":{"@id":"https:\/\/aml-ci.com\/ismael-bakayoko-pdt-aml-les-combats-seront-de-qualite\/#primaryimage"},"thumbnailUrl":"https:\/\/aml-ci.com\/wp-content\/uploads\/2025\/05\/IMG-20250516-WA0069-1.jpg","datePublished":"2025-05-16T14:09:52+00:00","dateModified":"2025-05-16T14:15:05+00:00","breadcrumb":{"@id":"https:\/\/aml-ci.com\/ismael-bakayoko-pdt-aml-les-combats-seront-de-qualite\/#breadcrumb"},"inLanguage":"en-US","potentialAction":[{"@type":"ReadAction","target":["https:\/\/aml-ci.com\/ismael-bakayoko-pdt-aml-les-combats-seront-de-qualite\/"]}]},{"@type":"ImageObject","inLanguage":"en-US","@id":"https:\/\/aml-ci.com\/ismael-bakayoko-pdt-aml-les-combats-seront-de-qualite\/#primaryimage","url":"https:\/\/aml-ci.com\/wp-content\/uploads\/2025\/05\/IMG-20250516-WA0069-1.jpg","contentUrl":"https:\/\/aml-ci.com\/wp-content\/uploads\/2025\/05\/IMG-20250516-WA0069-1.jpg","width":720,"height":480},{"@type":"BreadcrumbList","@id":"https:\/\/aml-ci.com\/ismael-bakayoko-pdt-aml-les-combats-seront-de-qualite\/#breadcrumb","itemListElement":[{"@type":"ListItem","position":1,"name":"Home","item":"https:\/\/aml-ci.com\/"},{"@type":"ListItem","position":2,"name":"Isma\u00ebl Bakayoko (Pdt AML): \u201d Les combats seront de qualit\u00e9\u201d"}]},{"@type":"WebSite","@id":"https:\/\/aml-ci.com\/#website","url":"https:\/\/aml-ci.com\/","name":"African MMA League","description":"AML","publisher":{"@id":"https:\/\/aml-ci.com\/#organization"},"potentialAction":[{"@type":"SearchAction","target":{"@type":"EntryPoint","urlTemplate":"https:\/\/aml-ci.com\/?s={search_term_string}"},"query-input":{"@type":"PropertyValueSpecification","valueRequired":true,"valueName":"search_term_string"}}],"inLanguage":"en-US"},{"@type":"Organization","@id":"https:\/\/aml-ci.com\/#organization","name":"African MMA League","url":"https:\/\/aml-ci.com\/","logo":{"@type":"ImageObject","inLanguage":"en-US","@id":"https:\/\/aml-ci.com\/#\/schema\/logo\/image\/","url":"https:\/\/aml-ci.com\/wp-content\/uploads\/2023\/01\/African-MMA-League-02-4-2-e1676899237520.png","contentUrl":"https:\/\/aml-ci.com\/wp-content\/uploads\/2023\/01\/African-MMA-League-02-4-2-e1676899237520.png","width":1165,"height":480,"caption":"African MMA League"},"image":{"@id":"https:\/\/aml-ci.com\/#\/schema\/logo\/image\/"},"sameAs":["https:\/\/web.facebook.com\/people\/African-MMA-League\/100093224844051\/","https:\/\/x.com\/aml_cl","https:\/\/www.tiktok.com\/@africanmmaleague","https:\/\/www.youtube.com\/@AfricanMMALeague"]},{"@type":"Person","@id":"https:\/\/aml-ci.com\/#\/schema\/person\/4b54134d6160d04e8609b201f418577d","name":"lamine","image":{"@type":"ImageObject","inLanguage":"en-US","@id":"https:\/\/secure.gravatar.com\/avatar\/6ea4197fe8fdee711c55fcedc88506c5b4a41d7cc4a6897168a8fcae72a60be9?s=96&d=mm&r=g","url":"https:\/\/secure.gravatar.com\/avatar\/6ea4197fe8fdee711c55fcedc88506c5b4a41d7cc4a6897168a8fcae72a60be9?s=96&d=mm&r=g","contentUrl":"https:\/\/secure.gravatar.com\/avatar\/6ea4197fe8fdee711c55fcedc88506c5b4a41d7cc4a6897168a8fcae72a60be9?s=96&d=mm&r=g","caption":"lamine"},"url":"https:\/\/aml-ci.com\/en\/author\/lamine\/"}]}},"_links":{"self":[{"href":"https:\/\/aml-ci.com\/en\/wp-json\/wp\/v2\/posts\/9522","targetHints":{"allow":["GET"]}}],"collection":[{"href":"https:\/\/aml-ci.com\/en\/wp-json\/wp\/v2\/posts"}],"about":[{"href":"https:\/\/aml-ci.com\/en\/wp-json\/wp\/v2\/types\/post"}],"author":[{"embeddable":true,"href":"https:\/\/aml-ci.com\/en\/wp-json\/wp\/v2\/users\/5"}],"replies":[{"embeddable":true,"href":"https:\/\/aml-ci.com\/en\/wp-json\/wp\/v2\/comments?post=9522"}],"version-history":[{"count":4,"href":"https:\/\/aml-ci.com\/en\/wp-json\/wp\/v2\/posts\/9522\/revisions"}],"predecessor-version":[{"id":9528,"href":"https:\/\/aml-ci.com\/en\/wp-json\/wp\/v2\/posts\/9522\/revisions\/9528"}],"wp:featuredmedia":[{"embeddable":true,"href":"https:\/\/aml-ci.com\/en\/wp-json\/wp\/v2\/media\/9527"}],"wp:attachment":[{"href":"https:\/\/aml-ci.com\/en\/wp-json\/wp\/v2\/media?parent=9522"}],"wp:term":[{"taxonomy":"category","embeddable":true,"href":"https:\/\/aml-ci.com\/en\/wp-json\/wp\/v2\/categories?post=9522"},{"taxonomy":"post_tag","embeddable":true,"href":"https:\/\/aml-ci.com\/en\/wp-json\/wp\/v2\/tags?post=9522"}],"curies":[{"name":"wp","href":"https:\/\/api.w.org\/{rel}","templated":true}]}}