{"id":4017,"date":"2023-05-22T18:52:41","date_gmt":"2023-05-22T13:52:41","guid":{"rendered":"https:\/\/aml-ci.com\/?p=4017"},"modified":"2023-05-30T20:39:52","modified_gmt":"2023-05-30T15:39:52","slug":"le-coach-de-francis-ngannou-dit-pourquoi-son-champion-est-parti-de-lufc","status":"publish","type":"post","link":"https:\/\/aml-ci.com\/en\/le-coach-de-francis-ngannou-dit-pourquoi-son-champion-est-parti-de-lufc\/","title":{"rendered":"Le coach de Francis Ngannou dit pourquoi son champion est parti de l\u2019UFC"},"content":{"rendered":"<div data-elementor-type=\"wp-post\" data-elementor-id=\"4017\" class=\"elementor elementor-4017\">\n\t\t\t\t\t\t<section class=\"elementor-section elementor-top-section elementor-element elementor-element-67d85bd elementor-section-boxed elementor-section-height-default elementor-section-height-default\" data-id=\"67d85bd\" data-element_type=\"section\" data-e-type=\"section\">\n\t\t\t\t\t\t<div class=\"elementor-container elementor-column-gap-default\">\n\t\t\t\t\t<div class=\"elementor-column elementor-col-100 elementor-top-column elementor-element elementor-element-266d1dc\" data-id=\"266d1dc\" data-element_type=\"column\" data-e-type=\"column\">\n\t\t\t<div class=\"elementor-widget-wrap elementor-element-populated\">\n\t\t\t\t\t\t<div class=\"elementor-element elementor-element-306487d dce_masking-none elementor-widget elementor-widget-image\" data-id=\"306487d\" data-element_type=\"widget\" data-e-type=\"widget\" data-widget_type=\"image.default\">\n\t\t\t\t<div class=\"elementor-widget-container\">\n\t\t\t\t\t\t\t\t\t\t\t\t\t\t\t<img fetchpriority=\"high\" decoding=\"async\" width=\"1024\" height=\"587\" src=\"https:\/\/aml-ci.com\/wp-content\/uploads\/2023\/05\/francis-ngannou-ufc-mma-1024x587.jpg\" class=\"attachment-large size-large wp-image-4018\" alt=\"\" srcset=\"https:\/\/aml-ci.com\/wp-content\/uploads\/2023\/05\/francis-ngannou-ufc-mma-1024x587.jpg 1024w, https:\/\/aml-ci.com\/wp-content\/uploads\/2023\/05\/francis-ngannou-ufc-mma-300x172.jpg 300w, https:\/\/aml-ci.com\/wp-content\/uploads\/2023\/05\/francis-ngannou-ufc-mma-768x440.jpg 768w, https:\/\/aml-ci.com\/wp-content\/uploads\/2023\/05\/francis-ngannou-ufc-mma.jpg 1065w\" sizes=\"(max-width: 1024px) 100vw, 1024px\" \/>\t\t\t\t\t\t\t\t\t\t\t\t\t\t\t<\/div>\n\t\t\t\t<\/div>\n\t\t\t\t\t<\/div>\n\t\t<\/div>\n\t\t\t\t\t<\/div>\n\t\t<\/section>\n\t\t\t\t<section class=\"elementor-section elementor-top-section elementor-element elementor-element-ab291ce elementor-section-boxed elementor-section-height-default elementor-section-height-default\" data-id=\"ab291ce\" data-element_type=\"section\" data-e-type=\"section\">\n\t\t\t\t\t\t<div class=\"elementor-container elementor-column-gap-default\">\n\t\t\t\t\t<div class=\"elementor-column elementor-col-100 elementor-top-column elementor-element elementor-element-d967414\" data-id=\"d967414\" data-element_type=\"column\" data-e-type=\"column\">\n\t\t\t<div class=\"elementor-widget-wrap elementor-element-populated\">\n\t\t\t\t\t\t<div class=\"elementor-element elementor-element-1377f61 elementor-widget elementor-widget-text-editor\" data-id=\"1377f61\" data-element_type=\"widget\" data-e-type=\"widget\" data-widget_type=\"text-editor.default\">\n\t\t\t\t<div class=\"elementor-widget-container\">\n\t\t\t\t\t\t\t\t\t<p style=\"margin-bottom: 0px; padding-top: 7px; padding-bottom: 7px; line-height: 1.9; color: #444444; font-family: 'Open Sans', sans-serif; font-size: 15px; font-style: normal; font-weight: 400;\"><span style=\"font-weight: bold;\">Voici pourquoi Francis Ngannou n\u2019a pas reconduit son contrat avec l\u2019UFC selon le coach de l\u2019ex champion des poids lourds, Eric Nicksick.<\/span><\/p><p style=\"margin-bottom: 0px; padding-top: 7px; padding-bottom: 7px; line-height: 1.9; color: #444444; font-family: 'Open Sans', sans-serif; font-size: 15px; font-style: normal; font-weight: 400;\">Ce week-end nous apprenions avec stup\u00e9faction que\u00a0Francis Ngannou n\u2019avait pas reconduit son contrat avec l\u2019UFC\u00a0et qu\u2019il \u00e9tait libre. L\u2019UFC a donc directement\u00a0mis en place un combat Jon Jones vs Ciryl Gane pour l\u2019UFC 285.<\/p><p style=\"margin-bottom: 0px; padding-top: 7px; padding-bottom: 7px; line-height: 1.9; color: #444444; font-family: 'Open Sans', sans-serif; font-size: 15px; font-style: normal; font-weight: 400;\">Francis Ngannou\u00a0va pouvoir d\u00e9sormais aller o\u00f9 il veut et notamment se pr\u00e9parer pour un combat de boxe contre Tyson Fury, combat qu\u2019il a toujours voulu faire, mais dont l\u2019UFC n\u2019\u00e9tait pas friande.<\/p><div id=\"bsa-block-900--450\" class=\"bsaProContainer bsaProContainer-15 bsa-block-900--450 bsa-pro-col-1\" style=\"font-family: 'Open Sans', sans-serif; height: 0px; width: 580px; clear: both; display: table; color: #444444; font-size: 15px;\"><div class=\"bsaProItems bsaGridGutter\" style=\"height: 0px; width: 580px; clear: both; display: table;\">\u00a0<\/div><\/div><p style=\"margin-bottom: 0px; padding-top: 7px; padding-bottom: 7px; line-height: 1.9; color: #444444; font-family: 'Open Sans', sans-serif; font-size: 15px; font-style: normal; font-weight: 400;\">Eric Nicksick, l\u2019un des coachs de Francis, est revenu sur la d\u00e9cision du d\u00e9sormais ex champion poids lourd de l\u2019UFC :<\/p><p style=\"margin-bottom: 0px; padding-top: 7px; padding-bottom: 7px; line-height: 1.9; color: #444444; font-family: 'Open Sans', sans-serif; font-size: 15px; font-style: normal; font-weight: 400;\">\u00ab\u00a0<em>Il a combattu le prochain espoir Ciryl Gane, le ph\u00e9nom\u00e8ne, sur une seule putai* de jambe. Contre tous nos conseils. Et vous voulez me dire que Francis a peur ? Il n\u2019a peur de personne. Il fait ce qu\u2019il pense \u00eatre juste pour lui. Nous avons rencontr\u00e9 Dana, et Hunter, apr\u00e8s l\u2019UFC 270 et avons eu un grand d\u00eener. Les choses allaient dans la bonne direction, je le sentais. Dans la voiture, Francis m\u2019a regard\u00e9 et m\u2019a dit : \u2018Si je signe ce contrat, sans prendre de risques, sans faire tout ce que j\u2019ai dit que j\u2019allais faire, je suis un vendu. Et je refuse de faire \u00e7a\u2026 J\u2019ai une position o\u00f9 je peux faire la diff\u00e9rence\u2019.<\/em>\u00ab\u00a0<\/p><p style=\"margin-bottom: 0px; padding-top: 7px; padding-bottom: 7px; line-height: 1.9; color: #444444; font-family: 'Open Sans', sans-serif; font-size: 15px; font-style: normal; font-weight: 400;\">Il est donc clair que Francis Ngannou n\u2019a pas \u00e9t\u00e9 correctement \u00e9cout\u00e9 par l\u2019UFC malgr\u00e9 le fait qu\u2019il aurait \u00e9t\u00e9 le poids lourd le mieux pay\u00e9 de l\u2019histoire de la promotion, selon Dana White. R\u00e9cemment, Jake Paul a fait savoir que Francis avait pris la bonne d\u00e9cision vu comment l\u2019UFC traite ses combattants.<\/p><p style=\"margin-bottom: 0px; padding-top: 7px; padding-bottom: 7px; line-height: 1.9; color: #444444; font-family: 'Open Sans', sans-serif; font-size: 15px; font-style: normal; font-weight: 400;\">Aujourd\u2019hui, Francis Ngannou devrait donner sa premi\u00e8re interview depuis que l\u2019on a appris la nouvelle de son non-renouvellement de contrat \u00e0 l\u2019UFC.<\/p>\t\t\t\t\t\t\t\t<\/div>\n\t\t\t\t<\/div>\n\t\t\t\t\t<\/div>\n\t\t<\/div>\n\t\t\t\t\t<\/div>\n\t\t<\/section>\n\t\t\t\t<\/div>","protected":false},"excerpt":{"rendered":"<p>Voici pourquoi Francis Ngannou n\u2019a pas reconduit son contrat avec l\u2019UFC selon le coach de l\u2019ex champion des poids lourds, Eric Nicksick. Ce week-end nous apprenions avec stup\u00e9faction que&nbsp;Francis Ngannou n\u2019avait pas reconduit son contrat avec l\u2019UFC&nbsp;et qu\u2019il \u00e9tait libre. L\u2019UFC a donc directement&nbsp;mis en place un combat Jon Jones vs Ciryl Gane pour l\u2019UFC &hellip;<\/p>\n<p class=\"read-more\"> <a class=\"\" href=\"https:\/\/aml-ci.com\/en\/le-coach-de-francis-ngannou-dit-pourquoi-son-champion-est-parti-de-lufc\/\"> <span class=\"screen-reader-text\">Le coach de Francis Ngannou dit pourquoi son champion est parti de l\u2019UFC<\/span> Read More \u00bb<\/a><\/p>","protected":false},"author":2,"featured_media":4199,"comment_status":"open","ping_status":"open","sticky":false,"template":"","format":"standard","meta":{"site-sidebar-layout":"default","site-content-layout":"","ast-site-content-layout":"","site-content-style":"default","site-sidebar-style":"default","ast-global-header-display":"","ast-banner-title-visibility":"","ast-main-header-display":"","ast-hfb-above-header-display":"","ast-hfb-below-header-display":"","ast-hfb-mobile-header-display":"","site-post-title":"","ast-breadcrumbs-content":"","ast-featured-img":"","footer-sml-layout":"","theme-transparent-header-meta":"","adv-header-id-meta":"","stick-header-meta":"","header-above-stick-meta":"","header-main-stick-meta":"","header-below-stick-meta":"","astra-migrate-meta-layouts":"","footnotes":""},"categories":[1],"tags":[],"class_list":["post-4017","post","type-post","status-publish","format-standard","has-post-thumbnail","hentry","category-https-sport-ivoire-ci-autres-sports-arts-martiaux-aml-06-samo-samo-battu-moussa-sounkara"],"acf":[],"yoast_head":"<!-- This site is optimized with the Yoast SEO plugin v27.4 - https:\/\/yoast.com\/product\/yoast-seo-wordpress\/ -->\n<title>Le coach de Francis Ngannou dit pourquoi son champion est parti de l\u2019UFC - African MMA League<\/title>\n<meta name=\"robots\" content=\"index, follow, max-snippet:-1, max-image-preview:large, max-video-preview:-1\" \/>\n<link rel=\"canonical\" href=\"https:\/\/aml-ci.com\/en\/le-coach-de-francis-ngannou-dit-pourquoi-son-champion-est-parti-de-lufc\/\" \/>\n<meta property=\"og:locale\" content=\"en_US\" \/>\n<meta property=\"og:type\" content=\"article\" \/>\n<meta property=\"og:title\" content=\"Le coach de Francis Ngannou dit pourquoi son champion est parti de l\u2019UFC - African MMA League\" \/>\n<meta property=\"og:description\" content=\"Voici pourquoi Francis Ngannou n\u2019a pas reconduit son contrat avec l\u2019UFC selon le coach de l\u2019ex champion des poids lourds, Eric Nicksick. Ce week-end nous apprenions avec stup\u00e9faction que&nbsp;Francis Ngannou n\u2019avait pas reconduit son contrat avec l\u2019UFC&nbsp;et qu\u2019il \u00e9tait libre. L\u2019UFC a donc directement&nbsp;mis en place un combat Jon Jones vs Ciryl Gane pour l\u2019UFC &hellip; Le coach de Francis Ngannou dit pourquoi son champion est parti de l\u2019UFC Read More \u00bb\" \/>\n<meta property=\"og:url\" content=\"https:\/\/aml-ci.com\/en\/le-coach-de-francis-ngannou-dit-pourquoi-son-champion-est-parti-de-lufc\/\" \/>\n<meta property=\"og:site_name\" content=\"African MMA League\" \/>\n<meta property=\"article:publisher\" content=\"https:\/\/web.facebook.com\/people\/African-MMA-League\/100093224844051\/\" \/>\n<meta property=\"article:published_time\" content=\"2023-05-22T13:52:41+00:00\" \/>\n<meta property=\"article:modified_time\" content=\"2023-05-30T15:39:52+00:00\" \/>\n<meta property=\"og:image\" content=\"https:\/\/aml-ci.com\/wp-content\/uploads\/2023\/05\/ART1.jpg\" \/>\n\t<meta property=\"og:image:width\" content=\"1065\" \/>\n\t<meta property=\"og:image:height\" content=\"610\" \/>\n\t<meta property=\"og:image:type\" content=\"image\/jpeg\" \/>\n<meta name=\"author\" content=\"Ismael fofana\" \/>\n<meta name=\"twitter:card\" content=\"summary_large_image\" \/>\n<meta name=\"twitter:creator\" content=\"@aml_cl\" \/>\n<meta name=\"twitter:site\" content=\"@aml_cl\" \/>\n<meta name=\"twitter:label1\" content=\"Written by\" \/>\n\t<meta name=\"twitter:data1\" content=\"Ismael fofana\" \/>\n\t<meta name=\"twitter:label2\" content=\"Est. reading time\" \/>\n\t<meta name=\"twitter:data2\" content=\"2 minutes\" \/>\n<script type=\"application\/ld+json\" class=\"yoast-schema-graph\">{\"@context\":\"https:\\\/\\\/schema.org\",\"@graph\":[{\"@type\":\"Article\",\"@id\":\"https:\\\/\\\/aml-ci.com\\\/le-coach-de-francis-ngannou-dit-pourquoi-son-champion-est-parti-de-lufc\\\/#article\",\"isPartOf\":{\"@id\":\"https:\\\/\\\/aml-ci.com\\\/le-coach-de-francis-ngannou-dit-pourquoi-son-champion-est-parti-de-lufc\\\/\"},\"author\":{\"name\":\"Ismael fofana\",\"@id\":\"https:\\\/\\\/aml-ci.com\\\/#\\\/schema\\\/person\\\/460e6d70424b1a6c628435e17370232a\"},\"headline\":\"Le coach de Francis Ngannou dit pourquoi son champion est parti de l\u2019UFC\",\"datePublished\":\"2023-05-22T13:52:41+00:00\",\"dateModified\":\"2023-05-30T15:39:52+00:00\",\"mainEntityOfPage\":{\"@id\":\"https:\\\/\\\/aml-ci.com\\\/le-coach-de-francis-ngannou-dit-pourquoi-son-champion-est-parti-de-lufc\\\/\"},\"wordCount\":361,\"commentCount\":0,\"publisher\":{\"@id\":\"https:\\\/\\\/aml-ci.com\\\/#organization\"},\"image\":{\"@id\":\"https:\\\/\\\/aml-ci.com\\\/le-coach-de-francis-ngannou-dit-pourquoi-son-champion-est-parti-de-lufc\\\/#primaryimage\"},\"thumbnailUrl\":\"https:\\\/\\\/aml-ci.com\\\/wp-content\\\/uploads\\\/2023\\\/05\\\/ART1.jpg\",\"articleSection\":[\"Presses\"],\"inLanguage\":\"en-US\",\"potentialAction\":[{\"@type\":\"CommentAction\",\"name\":\"Comment\",\"target\":[\"https:\\\/\\\/aml-ci.com\\\/le-coach-de-francis-ngannou-dit-pourquoi-son-champion-est-parti-de-lufc\\\/#respond\"]}]},{\"@type\":\"WebPage\",\"@id\":\"https:\\\/\\\/aml-ci.com\\\/le-coach-de-francis-ngannou-dit-pourquoi-son-champion-est-parti-de-lufc\\\/\",\"url\":\"https:\\\/\\\/aml-ci.com\\\/le-coach-de-francis-ngannou-dit-pourquoi-son-champion-est-parti-de-lufc\\\/\",\"name\":\"Le coach de Francis Ngannou dit pourquoi son champion est parti de l\u2019UFC - African MMA League\",\"isPartOf\":{\"@id\":\"https:\\\/\\\/aml-ci.com\\\/#website\"},\"primaryImageOfPage\":{\"@id\":\"https:\\\/\\\/aml-ci.com\\\/le-coach-de-francis-ngannou-dit-pourquoi-son-champion-est-parti-de-lufc\\\/#primaryimage\"},\"image\":{\"@id\":\"https:\\\/\\\/aml-ci.com\\\/le-coach-de-francis-ngannou-dit-pourquoi-son-champion-est-parti-de-lufc\\\/#primaryimage\"},\"thumbnailUrl\":\"https:\\\/\\\/aml-ci.com\\\/wp-content\\\/uploads\\\/2023\\\/05\\\/ART1.jpg\",\"datePublished\":\"2023-05-22T13:52:41+00:00\",\"dateModified\":\"2023-05-30T15:39:52+00:00\",\"breadcrumb\":{\"@id\":\"https:\\\/\\\/aml-ci.com\\\/le-coach-de-francis-ngannou-dit-pourquoi-son-champion-est-parti-de-lufc\\\/#breadcrumb\"},\"inLanguage\":\"en-US\",\"potentialAction\":[{\"@type\":\"ReadAction\",\"target\":[\"https:\\\/\\\/aml-ci.com\\\/le-coach-de-francis-ngannou-dit-pourquoi-son-champion-est-parti-de-lufc\\\/\"]}]},{\"@type\":\"ImageObject\",\"inLanguage\":\"en-US\",\"@id\":\"https:\\\/\\\/aml-ci.com\\\/le-coach-de-francis-ngannou-dit-pourquoi-son-champion-est-parti-de-lufc\\\/#primaryimage\",\"url\":\"https:\\\/\\\/aml-ci.com\\\/wp-content\\\/uploads\\\/2023\\\/05\\\/ART1.jpg\",\"contentUrl\":\"https:\\\/\\\/aml-ci.com\\\/wp-content\\\/uploads\\\/2023\\\/05\\\/ART1.jpg\",\"width\":1065,\"height\":610},{\"@type\":\"BreadcrumbList\",\"@id\":\"https:\\\/\\\/aml-ci.com\\\/le-coach-de-francis-ngannou-dit-pourquoi-son-champion-est-parti-de-lufc\\\/#breadcrumb\",\"itemListElement\":[{\"@type\":\"ListItem\",\"position\":1,\"name\":\"Home\",\"item\":\"https:\\\/\\\/aml-ci.com\\\/\"},{\"@type\":\"ListItem\",\"position\":2,\"name\":\"Le coach de Francis Ngannou dit pourquoi son champion est parti de l\u2019UFC\"}]},{\"@type\":\"WebSite\",\"@id\":\"https:\\\/\\\/aml-ci.com\\\/#website\",\"url\":\"https:\\\/\\\/aml-ci.com\\\/\",\"name\":\"African MMA League\",\"description\":\"AML\",\"publisher\":{\"@id\":\"https:\\\/\\\/aml-ci.com\\\/#organization\"},\"potentialAction\":[{\"@type\":\"SearchAction\",\"target\":{\"@type\":\"EntryPoint\",\"urlTemplate\":\"https:\\\/\\\/aml-ci.com\\\/?s={search_term_string}\"},\"query-input\":{\"@type\":\"PropertyValueSpecification\",\"valueRequired\":true,\"valueName\":\"search_term_string\"}}],\"inLanguage\":\"en-US\"},{\"@type\":\"Organization\",\"@id\":\"https:\\\/\\\/aml-ci.com\\\/#organization\",\"name\":\"African MMA League\",\"url\":\"https:\\\/\\\/aml-ci.com\\\/\",\"logo\":{\"@type\":\"ImageObject\",\"inLanguage\":\"en-US\",\"@id\":\"https:\\\/\\\/aml-ci.com\\\/#\\\/schema\\\/logo\\\/image\\\/\",\"url\":\"https:\\\/\\\/aml-ci.com\\\/wp-content\\\/uploads\\\/2023\\\/01\\\/African-MMA-League-02-4-2-e1676899237520.png\",\"contentUrl\":\"https:\\\/\\\/aml-ci.com\\\/wp-content\\\/uploads\\\/2023\\\/01\\\/African-MMA-League-02-4-2-e1676899237520.png\",\"width\":1165,\"height\":480,\"caption\":\"African MMA League\"},\"image\":{\"@id\":\"https:\\\/\\\/aml-ci.com\\\/#\\\/schema\\\/logo\\\/image\\\/\"},\"sameAs\":[\"https:\\\/\\\/web.facebook.com\\\/people\\\/African-MMA-League\\\/100093224844051\\\/\",\"https:\\\/\\\/x.com\\\/aml_cl\",\"https:\\\/\\\/www.tiktok.com\\\/@africanmmaleague\",\"https:\\\/\\\/www.youtube.com\\\/@AfricanMMALeague\"]},{\"@type\":\"Person\",\"@id\":\"https:\\\/\\\/aml-ci.com\\\/#\\\/schema\\\/person\\\/460e6d70424b1a6c628435e17370232a\",\"name\":\"Ismael fofana\",\"image\":{\"@type\":\"ImageObject\",\"inLanguage\":\"en-US\",\"@id\":\"https:\\\/\\\/secure.gravatar.com\\\/avatar\\\/1569b44e1e9c150d626829b2d3f644119140d264756bcd3a430abe11eb5be169?s=96&d=mm&r=g\",\"url\":\"https:\\\/\\\/secure.gravatar.com\\\/avatar\\\/1569b44e1e9c150d626829b2d3f644119140d264756bcd3a430abe11eb5be169?s=96&d=mm&r=g\",\"contentUrl\":\"https:\\\/\\\/secure.gravatar.com\\\/avatar\\\/1569b44e1e9c150d626829b2d3f644119140d264756bcd3a430abe11eb5be169?s=96&d=mm&r=g\",\"caption\":\"Ismael fofana\"},\"url\":\"https:\\\/\\\/aml-ci.com\\\/en\\\/author\\\/corsaire\\\/\"}]}<\/script>\n<!-- \/ Yoast SEO plugin. -->","yoast_head_json":{"title":"Le coach de Francis Ngannou dit pourquoi son champion est parti de l\u2019UFC - African MMA League","robots":{"index":"index","follow":"follow","max-snippet":"max-snippet:-1","max-image-preview":"max-image-preview:large","max-video-preview":"max-video-preview:-1"},"canonical":"https:\/\/aml-ci.com\/en\/le-coach-de-francis-ngannou-dit-pourquoi-son-champion-est-parti-de-lufc\/","og_locale":"en_US","og_type":"article","og_title":"Le coach de Francis Ngannou dit pourquoi son champion est parti de l\u2019UFC - African MMA League","og_description":"Voici pourquoi Francis Ngannou n\u2019a pas reconduit son contrat avec l\u2019UFC selon le coach de l\u2019ex champion des poids lourds, Eric Nicksick. Ce week-end nous apprenions avec stup\u00e9faction que&nbsp;Francis Ngannou n\u2019avait pas reconduit son contrat avec l\u2019UFC&nbsp;et qu\u2019il \u00e9tait libre. L\u2019UFC a donc directement&nbsp;mis en place un combat Jon Jones vs Ciryl Gane pour l\u2019UFC &hellip; Le coach de Francis Ngannou dit pourquoi son champion est parti de l\u2019UFC Read More \u00bb","og_url":"https:\/\/aml-ci.com\/en\/le-coach-de-francis-ngannou-dit-pourquoi-son-champion-est-parti-de-lufc\/","og_site_name":"African MMA League","article_publisher":"https:\/\/web.facebook.com\/people\/African-MMA-League\/100093224844051\/","article_published_time":"2023-05-22T13:52:41+00:00","article_modified_time":"2023-05-30T15:39:52+00:00","og_image":[{"width":1065,"height":610,"url":"https:\/\/aml-ci.com\/wp-content\/uploads\/2023\/05\/ART1.jpg","type":"image\/jpeg"}],"author":"Ismael fofana","twitter_card":"summary_large_image","twitter_creator":"@aml_cl","twitter_site":"@aml_cl","twitter_misc":{"Written by":"Ismael fofana","Est. reading time":"2 minutes"},"schema":{"@context":"https:\/\/schema.org","@graph":[{"@type":"Article","@id":"https:\/\/aml-ci.com\/le-coach-de-francis-ngannou-dit-pourquoi-son-champion-est-parti-de-lufc\/#article","isPartOf":{"@id":"https:\/\/aml-ci.com\/le-coach-de-francis-ngannou-dit-pourquoi-son-champion-est-parti-de-lufc\/"},"author":{"name":"Ismael fofana","@id":"https:\/\/aml-ci.com\/#\/schema\/person\/460e6d70424b1a6c628435e17370232a"},"headline":"Le coach de Francis Ngannou dit pourquoi son champion est parti de l\u2019UFC","datePublished":"2023-05-22T13:52:41+00:00","dateModified":"2023-05-30T15:39:52+00:00","mainEntityOfPage":{"@id":"https:\/\/aml-ci.com\/le-coach-de-francis-ngannou-dit-pourquoi-son-champion-est-parti-de-lufc\/"},"wordCount":361,"commentCount":0,"publisher":{"@id":"https:\/\/aml-ci.com\/#organization"},"image":{"@id":"https:\/\/aml-ci.com\/le-coach-de-francis-ngannou-dit-pourquoi-son-champion-est-parti-de-lufc\/#primaryimage"},"thumbnailUrl":"https:\/\/aml-ci.com\/wp-content\/uploads\/2023\/05\/ART1.jpg","articleSection":["Presses"],"inLanguage":"en-US","potentialAction":[{"@type":"CommentAction","name":"Comment","target":["https:\/\/aml-ci.com\/le-coach-de-francis-ngannou-dit-pourquoi-son-champion-est-parti-de-lufc\/#respond"]}]},{"@type":"WebPage","@id":"https:\/\/aml-ci.com\/le-coach-de-francis-ngannou-dit-pourquoi-son-champion-est-parti-de-lufc\/","url":"https:\/\/aml-ci.com\/le-coach-de-francis-ngannou-dit-pourquoi-son-champion-est-parti-de-lufc\/","name":"Le coach de Francis Ngannou dit pourquoi son champion est parti de l\u2019UFC - African MMA League","isPartOf":{"@id":"https:\/\/aml-ci.com\/#website"},"primaryImageOfPage":{"@id":"https:\/\/aml-ci.com\/le-coach-de-francis-ngannou-dit-pourquoi-son-champion-est-parti-de-lufc\/#primaryimage"},"image":{"@id":"https:\/\/aml-ci.com\/le-coach-de-francis-ngannou-dit-pourquoi-son-champion-est-parti-de-lufc\/#primaryimage"},"thumbnailUrl":"https:\/\/aml-ci.com\/wp-content\/uploads\/2023\/05\/ART1.jpg","datePublished":"2023-05-22T13:52:41+00:00","dateModified":"2023-05-30T15:39:52+00:00","breadcrumb":{"@id":"https:\/\/aml-ci.com\/le-coach-de-francis-ngannou-dit-pourquoi-son-champion-est-parti-de-lufc\/#breadcrumb"},"inLanguage":"en-US","potentialAction":[{"@type":"ReadAction","target":["https:\/\/aml-ci.com\/le-coach-de-francis-ngannou-dit-pourquoi-son-champion-est-parti-de-lufc\/"]}]},{"@type":"ImageObject","inLanguage":"en-US","@id":"https:\/\/aml-ci.com\/le-coach-de-francis-ngannou-dit-pourquoi-son-champion-est-parti-de-lufc\/#primaryimage","url":"https:\/\/aml-ci.com\/wp-content\/uploads\/2023\/05\/ART1.jpg","contentUrl":"https:\/\/aml-ci.com\/wp-content\/uploads\/2023\/05\/ART1.jpg","width":1065,"height":610},{"@type":"BreadcrumbList","@id":"https:\/\/aml-ci.com\/le-coach-de-francis-ngannou-dit-pourquoi-son-champion-est-parti-de-lufc\/#breadcrumb","itemListElement":[{"@type":"ListItem","position":1,"name":"Home","item":"https:\/\/aml-ci.com\/"},{"@type":"ListItem","position":2,"name":"Le coach de Francis Ngannou dit pourquoi son champion est parti de l\u2019UFC"}]},{"@type":"WebSite","@id":"https:\/\/aml-ci.com\/#website","url":"https:\/\/aml-ci.com\/","name":"African MMA League","description":"AML","publisher":{"@id":"https:\/\/aml-ci.com\/#organization"},"potentialAction":[{"@type":"SearchAction","target":{"@type":"EntryPoint","urlTemplate":"https:\/\/aml-ci.com\/?s={search_term_string}"},"query-input":{"@type":"PropertyValueSpecification","valueRequired":true,"valueName":"search_term_string"}}],"inLanguage":"en-US"},{"@type":"Organization","@id":"https:\/\/aml-ci.com\/#organization","name":"African MMA League","url":"https:\/\/aml-ci.com\/","logo":{"@type":"ImageObject","inLanguage":"en-US","@id":"https:\/\/aml-ci.com\/#\/schema\/logo\/image\/","url":"https:\/\/aml-ci.com\/wp-content\/uploads\/2023\/01\/African-MMA-League-02-4-2-e1676899237520.png","contentUrl":"https:\/\/aml-ci.com\/wp-content\/uploads\/2023\/01\/African-MMA-League-02-4-2-e1676899237520.png","width":1165,"height":480,"caption":"African MMA League"},"image":{"@id":"https:\/\/aml-ci.com\/#\/schema\/logo\/image\/"},"sameAs":["https:\/\/web.facebook.com\/people\/African-MMA-League\/100093224844051\/","https:\/\/x.com\/aml_cl","https:\/\/www.tiktok.com\/@africanmmaleague","https:\/\/www.youtube.com\/@AfricanMMALeague"]},{"@type":"Person","@id":"https:\/\/aml-ci.com\/#\/schema\/person\/460e6d70424b1a6c628435e17370232a","name":"Ismael fofana","image":{"@type":"ImageObject","inLanguage":"en-US","@id":"https:\/\/secure.gravatar.com\/avatar\/1569b44e1e9c150d626829b2d3f644119140d264756bcd3a430abe11eb5be169?s=96&d=mm&r=g","url":"https:\/\/secure.gravatar.com\/avatar\/1569b44e1e9c150d626829b2d3f644119140d264756bcd3a430abe11eb5be169?s=96&d=mm&r=g","contentUrl":"https:\/\/secure.gravatar.com\/avatar\/1569b44e1e9c150d626829b2d3f644119140d264756bcd3a430abe11eb5be169?s=96&d=mm&r=g","caption":"Ismael fofana"},"url":"https:\/\/aml-ci.com\/en\/author\/corsaire\/"}]}},"_links":{"self":[{"href":"https:\/\/aml-ci.com\/en\/wp-json\/wp\/v2\/posts\/4017","targetHints":{"allow":["GET"]}}],"collection":[{"href":"https:\/\/aml-ci.com\/en\/wp-json\/wp\/v2\/posts"}],"about":[{"href":"https:\/\/aml-ci.com\/en\/wp-json\/wp\/v2\/types\/post"}],"author":[{"embeddable":true,"href":"https:\/\/aml-ci.com\/en\/wp-json\/wp\/v2\/users\/2"}],"replies":[{"embeddable":true,"href":"https:\/\/aml-ci.com\/en\/wp-json\/wp\/v2\/comments?post=4017"}],"version-history":[{"count":8,"href":"https:\/\/aml-ci.com\/en\/wp-json\/wp\/v2\/posts\/4017\/revisions"}],"predecessor-version":[{"id":4208,"href":"https:\/\/aml-ci.com\/en\/wp-json\/wp\/v2\/posts\/4017\/revisions\/4208"}],"wp:featuredmedia":[{"embeddable":true,"href":"https:\/\/aml-ci.com\/en\/wp-json\/wp\/v2\/media\/4199"}],"wp:attachment":[{"href":"https:\/\/aml-ci.com\/en\/wp-json\/wp\/v2\/media?parent=4017"}],"wp:term":[{"taxonomy":"category","embeddable":true,"href":"https:\/\/aml-ci.com\/en\/wp-json\/wp\/v2\/categories?post=4017"},{"taxonomy":"post_tag","embeddable":true,"href":"https:\/\/aml-ci.com\/en\/wp-json\/wp\/v2\/tags?post=4017"}],"curies":[{"name":"wp","href":"https:\/\/api.w.org\/{rel}","templated":true}]}}