{"id":4002,"date":"2023-05-22T18:04:38","date_gmt":"2023-05-22T13:04:38","guid":{"rendered":"https:\/\/aml-ci.com\/?p=4002"},"modified":"2023-05-30T20:41:18","modified_gmt":"2023-05-30T15:41:18","slug":"alex-pereira-sen-prend-a-israel-adesanya-et-demande-une-trilogie-contre-lui","status":"publish","type":"post","link":"https:\/\/aml-ci.com\/en\/alex-pereira-sen-prend-a-israel-adesanya-et-demande-une-trilogie-contre-lui\/","title":{"rendered":"Alex Pereira s\u2019en prend \u00e0 Israel Adesanya et demande une trilogie contre lui"},"content":{"rendered":"<div data-elementor-type=\"wp-post\" data-elementor-id=\"4002\" class=\"elementor elementor-4002\">\n\t\t\t\t\t\t<section class=\"elementor-section elementor-top-section elementor-element elementor-element-235b46c elementor-section-boxed elementor-section-height-default elementor-section-height-default\" data-id=\"235b46c\" data-element_type=\"section\" data-e-type=\"section\">\n\t\t\t\t\t\t<div class=\"elementor-container elementor-column-gap-default\">\n\t\t\t\t\t<div class=\"elementor-column elementor-col-100 elementor-top-column elementor-element elementor-element-bdd0ba0\" data-id=\"bdd0ba0\" data-element_type=\"column\" data-e-type=\"column\">\n\t\t\t<div class=\"elementor-widget-wrap elementor-element-populated\">\n\t\t\t\t\t\t<div class=\"elementor-element elementor-element-16e8bad dce_masking-none elementor-widget elementor-widget-image\" data-id=\"16e8bad\" data-element_type=\"widget\" data-e-type=\"widget\" data-widget_type=\"image.default\">\n\t\t\t\t<div class=\"elementor-widget-container\">\n\t\t\t\t\t\t\t\t\t\t\t\t\t\t\t<img fetchpriority=\"high\" decoding=\"async\" width=\"1024\" height=\"576\" src=\"https:\/\/aml-ci.com\/wp-content\/uploads\/2023\/05\/alex-pereire-trilogie-israel-adesanya-1024x576.jpg\" class=\"attachment-large size-large wp-image-4003\" alt=\"\" srcset=\"https:\/\/aml-ci.com\/wp-content\/uploads\/2023\/05\/alex-pereire-trilogie-israel-adesanya-1024x576.jpg 1024w, https:\/\/aml-ci.com\/wp-content\/uploads\/2023\/05\/alex-pereire-trilogie-israel-adesanya-300x169.jpg 300w, https:\/\/aml-ci.com\/wp-content\/uploads\/2023\/05\/alex-pereire-trilogie-israel-adesanya-768x432.jpg 768w, https:\/\/aml-ci.com\/wp-content\/uploads\/2023\/05\/alex-pereire-trilogie-israel-adesanya.jpg 1200w\" sizes=\"(max-width: 1024px) 100vw, 1024px\" \/>\t\t\t\t\t\t\t\t\t\t\t\t\t\t\t<\/div>\n\t\t\t\t<\/div>\n\t\t\t\t\t<\/div>\n\t\t<\/div>\n\t\t\t\t\t<\/div>\n\t\t<\/section>\n\t\t\t\t<section class=\"elementor-section elementor-top-section elementor-element elementor-element-9b32fb6 elementor-section-boxed elementor-section-height-default elementor-section-height-default\" data-id=\"9b32fb6\" data-element_type=\"section\" data-e-type=\"section\">\n\t\t\t\t\t\t<div class=\"elementor-container elementor-column-gap-default\">\n\t\t\t\t\t<div class=\"elementor-column elementor-col-100 elementor-top-column elementor-element elementor-element-ef5783d\" data-id=\"ef5783d\" data-element_type=\"column\" data-e-type=\"column\">\n\t\t\t<div class=\"elementor-widget-wrap elementor-element-populated\">\n\t\t\t\t\t\t<div class=\"elementor-element elementor-element-ca4f5b2 elementor-widget elementor-widget-text-editor\" data-id=\"ca4f5b2\" data-element_type=\"widget\" data-e-type=\"widget\" data-widget_type=\"text-editor.default\">\n\t\t\t\t<div class=\"elementor-widget-container\">\n\t\t\t\t\t\t\t\t\t<p style=\"margin-bottom: 0px; padding-top: 7px; padding-bottom: 7px; line-height: 1.9; color: #444444; font-family: 'Open Sans', sans-serif; font-size: 15px; font-style: normal; font-weight: 400;\"><span style=\"font-weight: bold;\">Alex Pereira s\u2019est adress\u00e9 directement \u00e0 Israel Adesanya et a tenu \u00e0 lui rappeler certaines choses, tout en demandant une trilogie.<\/span><\/p><p style=\"margin-bottom: 0px; padding-top: 7px; padding-bottom: 7px; line-height: 1.9; color: #444444; font-family: 'Open Sans', sans-serif; font-size: 15px; font-style: normal; font-weight: 400;\"><a style=\"color: #ec971f; transition-timing-function: ease; transition-property: color; outline: 0px; font-weight: bold;\" href=\"https:\/\/www.actumma.com\/category\/combattants\/alex-pereira\" target=\"_blank\" rel=\"noopener\">Alex Pereira<\/a>\u00a0n\u2019a pas r\u00e9ussi \u00e0 garder son titre middleweight qu\u2019il avait pris \u00e0 l\u2019UFC 281 \u00e0 Israel Adesanya. En effet, lors de sa premi\u00e8re d\u00e9fense de titre contre ce m\u00eame Adesanya,\u00a0<a style=\"color: #ec971f; transition-timing-function: ease; transition-property: color; outline: 0px; font-weight: bold;\" href=\"https:\/\/www.actumma.com\/ufc-287-israel-adesanya-claque-un-terrible-ko-sur-alex-pereira-et-reprend-son-titre\/62925\" target=\"_blank\" rel=\"noopener\">il a perdu par KO au deuxi\u00e8me round<\/a>. Les deux hommes sont d\u00e9sormais \u00e0 1-1 en MMA, mais 2-0 pour Pereira en kickboxing.<\/p><p style=\"margin-bottom: 0px; padding-top: 7px; padding-bottom: 7px; line-height: 1.9; color: #444444; font-family: 'Open Sans', sans-serif; font-size: 15px; font-style: normal; font-weight: 400;\">Alex Pereira\u00a0<a style=\"color: #ec971f; transition-timing-function: ease; transition-property: color; outline: 0px; font-weight: bold;\" href=\"https:\/\/www.actumma.com\/alex-pereira-repond-aux-provocations-disrael-adesanya-et-evoque-une-trilogie\/63314\" target=\"_blank\" rel=\"noopener nofollow\">avait parl\u00e9, apr\u00e8s le combat, d\u2019une trilogie<\/a>\u00a0contre \u00ab\u00a0The Last Stylebender\u00a0\u00bb, mais ce dernier n\u2019est pas pour, voici ce qu\u2019il avait d\u00e9clar\u00e9 apr\u00e8s l\u2019UFC 287 (via bjpenn) :<\/p><div id=\"bsa-block-900--450\" class=\"bsaProContainer bsaProContainer-15 bsa-block-900--450 bsa-pro-col-1\" style=\"font-family: 'Open Sans', sans-serif; height: 0px; width: 580px; clear: both; display: table; color: #444444; font-size: 15px;\"><div class=\"bsaProItems bsaGridGutter\" style=\"height: 0px; width: 580px; clear: both; display: table;\">\u00a0<\/div><\/div><p style=\"margin-bottom: 0px; padding-top: 7px; padding-bottom: 7px; line-height: 1.9; color: #444444; font-family: 'Open Sans', sans-serif; font-size: 15px; font-style: normal; font-weight: 400;\">\u00ab\u00a0<em>Je ne compte pas les points. Je les r\u00e8gle, et maintenant c\u2019est r\u00e9gl\u00e9. Je lui ai donn\u00e9 une voie rapide vers la ceinture. J\u2019aurais pu dire : \u2018Non, qui a-t-il combattu ? Il n\u2019a combattu qu\u2019un top 5\u2019. Mais non. Il s\u2019est bien d\u00e9brouill\u00e9. Il a combattu des gars de haut niveau. Il a battu Sean Strickland, et je me suis dit : \u2018Tr\u00e8s bien, il n\u2019y a personne d\u2019autre\u2019. J\u2019\u00e9tais \u00e0 la recherche d\u2019un d\u00e9fi. Il m\u2019a battu en kickboxing et j\u2019ai eu droit \u00e0 une revanche imm\u00e9diate gr\u00e2ce \u00e0 ce que j\u2019ai fait dans ce sport. J\u2019ai travaill\u00e9 dur et j\u2019ai m\u00e9rit\u00e9 ma put*** de revanche. Maintenant, il doit faire le dur travail et le m\u00e9riter, mais je ne pense pas qu\u2019il va le faire. Il va aller en light heavyweight. C\u2019est un enfoir\u00e9 avec lequel il faut composer, je vous le dis<\/em>\u00ab\u00a0.<\/p><p style=\"margin-bottom: 0px; padding-top: 7px; padding-bottom: 7px; line-height: 1.9; color: #444444; font-family: 'Open Sans', sans-serif; font-size: 15px; font-style: normal; font-weight: 400;\">En effet,\u00a0<a style=\"color: #ec971f; transition-timing-function: ease; transition-property: color; outline: 0px; font-weight: bold;\" href=\"https:\/\/www.actumma.com\/alex-pereira-officialise-sa-montee-en-light-heavyweight-jamahal-hill-a-un-message-pour-lui\/63296\" target=\"_blank\" rel=\"noopener nofollow\">Alex Pereira a officialis\u00e9 sa mont\u00e9e chez les light heavyweights<\/a>\u00a0mi-avril, on pensait donc que la trilogie ne l\u2019int\u00e9ressait pas plus que \u00e7a. Et pourtant hier, il a provoqu\u00e9 Adesanya et l\u2019a appel\u00e9 pour un troisi\u00e8me combat en MMA :<\/p><p style=\"margin-bottom: 0px; padding-top: 7px; padding-bottom: 7px; line-height: 1.9; color: #444444; font-family: 'Open Sans', sans-serif; font-size: 15px; font-style: normal; font-weight: 400;\">\u00ab\u00a0<em>En kick-boxing, il est d\u00e9sormais impossible pour lui d\u2019\u00eatre meilleur que moi. En MMA, c\u2019est 1:1. Sois sinc\u00e8re avec tes fans et montre au monde qui est le meilleur en MMA<\/em>\u00ab\u00a0.<\/p>\t\t\t\t\t\t\t\t<\/div>\n\t\t\t\t<\/div>\n\t\t\t\t\t<\/div>\n\t\t<\/div>\n\t\t\t\t\t<\/div>\n\t\t<\/section>\n\t\t\t\t<\/div>","protected":false},"excerpt":{"rendered":"<p>Alex Pereira s\u2019est adress\u00e9 directement \u00e0 Israel Adesanya et a tenu \u00e0 lui rappeler certaines choses, tout en demandant une trilogie. Alex Pereira&nbsp;n\u2019a pas r\u00e9ussi \u00e0 garder son titre middleweight qu\u2019il avait pris \u00e0 l\u2019UFC 281 \u00e0 Israel Adesanya. En effet, lors de sa premi\u00e8re d\u00e9fense de titre contre ce m\u00eame Adesanya,&nbsp;il a perdu par &hellip;<\/p>\n<p class=\"read-more\"> <a class=\"\" href=\"https:\/\/aml-ci.com\/en\/alex-pereira-sen-prend-a-israel-adesanya-et-demande-une-trilogie-contre-lui\/\"> <span class=\"screen-reader-text\">Alex Pereira s\u2019en prend \u00e0 Israel Adesanya et demande une trilogie contre lui<\/span> Read More \u00bb<\/a><\/p>","protected":false},"author":2,"featured_media":4198,"comment_status":"open","ping_status":"open","sticky":false,"template":"","format":"standard","meta":{"site-sidebar-layout":"default","site-content-layout":"","ast-site-content-layout":"","site-content-style":"default","site-sidebar-style":"default","ast-global-header-display":"","ast-banner-title-visibility":"","ast-main-header-display":"","ast-hfb-above-header-display":"","ast-hfb-below-header-display":"","ast-hfb-mobile-header-display":"","site-post-title":"","ast-breadcrumbs-content":"","ast-featured-img":"","footer-sml-layout":"","theme-transparent-header-meta":"","adv-header-id-meta":"","stick-header-meta":"","header-above-stick-meta":"","header-main-stick-meta":"","header-below-stick-meta":"","astra-migrate-meta-layouts":"","footnotes":""},"categories":[1],"tags":[],"class_list":["post-4002","post","type-post","status-publish","format-standard","has-post-thumbnail","hentry","category-https-sport-ivoire-ci-autres-sports-arts-martiaux-aml-06-samo-samo-battu-moussa-sounkara"],"acf":[],"yoast_head":"<!-- This site is optimized with the Yoast SEO plugin v27.4 - https:\/\/yoast.com\/product\/yoast-seo-wordpress\/ -->\n<title>Alex Pereira s\u2019en prend \u00e0 Israel Adesanya et demande une trilogie contre lui - African MMA League<\/title>\n<meta name=\"robots\" content=\"index, follow, max-snippet:-1, max-image-preview:large, max-video-preview:-1\" \/>\n<link rel=\"canonical\" href=\"https:\/\/aml-ci.com\/en\/alex-pereira-sen-prend-a-israel-adesanya-et-demande-une-trilogie-contre-lui\/\" \/>\n<meta property=\"og:locale\" content=\"en_US\" \/>\n<meta property=\"og:type\" content=\"article\" \/>\n<meta property=\"og:title\" content=\"Alex Pereira s\u2019en prend \u00e0 Israel Adesanya et demande une trilogie contre lui - African MMA League\" \/>\n<meta property=\"og:description\" content=\"Alex Pereira s\u2019est adress\u00e9 directement \u00e0 Israel Adesanya et a tenu \u00e0 lui rappeler certaines choses, tout en demandant une trilogie. Alex Pereira&nbsp;n\u2019a pas r\u00e9ussi \u00e0 garder son titre middleweight qu\u2019il avait pris \u00e0 l\u2019UFC 281 \u00e0 Israel Adesanya. En effet, lors de sa premi\u00e8re d\u00e9fense de titre contre ce m\u00eame Adesanya,&nbsp;il a perdu par &hellip; Alex Pereira s\u2019en prend \u00e0 Israel Adesanya et demande une trilogie contre lui Read More \u00bb\" \/>\n<meta property=\"og:url\" content=\"https:\/\/aml-ci.com\/en\/alex-pereira-sen-prend-a-israel-adesanya-et-demande-une-trilogie-contre-lui\/\" \/>\n<meta property=\"og:site_name\" content=\"African MMA League\" \/>\n<meta property=\"article:publisher\" content=\"https:\/\/web.facebook.com\/people\/African-MMA-League\/100093224844051\/\" \/>\n<meta property=\"article:published_time\" content=\"2023-05-22T13:04:38+00:00\" \/>\n<meta property=\"article:modified_time\" content=\"2023-05-30T15:41:18+00:00\" \/>\n<meta property=\"og:image\" content=\"https:\/\/aml-ci.com\/wp-content\/uploads\/2023\/05\/ARRT3.jpg\" \/>\n\t<meta property=\"og:image:width\" content=\"1065\" \/>\n\t<meta property=\"og:image:height\" content=\"610\" \/>\n\t<meta property=\"og:image:type\" content=\"image\/jpeg\" \/>\n<meta name=\"author\" content=\"Ismael fofana\" \/>\n<meta name=\"twitter:card\" content=\"summary_large_image\" \/>\n<meta name=\"twitter:creator\" content=\"@aml_cl\" \/>\n<meta name=\"twitter:site\" content=\"@aml_cl\" \/>\n<meta name=\"twitter:label1\" content=\"Written by\" \/>\n\t<meta name=\"twitter:data1\" content=\"Ismael fofana\" \/>\n\t<meta name=\"twitter:label2\" content=\"Est. reading time\" \/>\n\t<meta name=\"twitter:data2\" content=\"2 minutes\" \/>\n<script type=\"application\/ld+json\" class=\"yoast-schema-graph\">{\"@context\":\"https:\\\/\\\/schema.org\",\"@graph\":[{\"@type\":\"Article\",\"@id\":\"https:\\\/\\\/aml-ci.com\\\/en\\\/alex-pereira-sen-prend-a-israel-adesanya-et-demande-une-trilogie-contre-lui\\\/#article\",\"isPartOf\":{\"@id\":\"https:\\\/\\\/aml-ci.com\\\/en\\\/alex-pereira-sen-prend-a-israel-adesanya-et-demande-une-trilogie-contre-lui\\\/\"},\"author\":{\"name\":\"Ismael fofana\",\"@id\":\"https:\\\/\\\/aml-ci.com\\\/#\\\/schema\\\/person\\\/460e6d70424b1a6c628435e17370232a\"},\"headline\":\"Alex Pereira s\u2019en prend \u00e0 Israel Adesanya et demande une trilogie contre lui\",\"datePublished\":\"2023-05-22T13:04:38+00:00\",\"dateModified\":\"2023-05-30T15:41:18+00:00\",\"mainEntityOfPage\":{\"@id\":\"https:\\\/\\\/aml-ci.com\\\/en\\\/alex-pereira-sen-prend-a-israel-adesanya-et-demande-une-trilogie-contre-lui\\\/\"},\"wordCount\":382,\"commentCount\":0,\"publisher\":{\"@id\":\"https:\\\/\\\/aml-ci.com\\\/#organization\"},\"image\":{\"@id\":\"https:\\\/\\\/aml-ci.com\\\/en\\\/alex-pereira-sen-prend-a-israel-adesanya-et-demande-une-trilogie-contre-lui\\\/#primaryimage\"},\"thumbnailUrl\":\"https:\\\/\\\/aml-ci.com\\\/wp-content\\\/uploads\\\/2023\\\/05\\\/ARRT3.jpg\",\"articleSection\":[\"Presses\"],\"inLanguage\":\"en-US\",\"potentialAction\":[{\"@type\":\"CommentAction\",\"name\":\"Comment\",\"target\":[\"https:\\\/\\\/aml-ci.com\\\/en\\\/alex-pereira-sen-prend-a-israel-adesanya-et-demande-une-trilogie-contre-lui\\\/#respond\"]}]},{\"@type\":\"WebPage\",\"@id\":\"https:\\\/\\\/aml-ci.com\\\/en\\\/alex-pereira-sen-prend-a-israel-adesanya-et-demande-une-trilogie-contre-lui\\\/\",\"url\":\"https:\\\/\\\/aml-ci.com\\\/en\\\/alex-pereira-sen-prend-a-israel-adesanya-et-demande-une-trilogie-contre-lui\\\/\",\"name\":\"Alex Pereira s\u2019en prend \u00e0 Israel Adesanya et demande une trilogie contre lui - African MMA League\",\"isPartOf\":{\"@id\":\"https:\\\/\\\/aml-ci.com\\\/#website\"},\"primaryImageOfPage\":{\"@id\":\"https:\\\/\\\/aml-ci.com\\\/en\\\/alex-pereira-sen-prend-a-israel-adesanya-et-demande-une-trilogie-contre-lui\\\/#primaryimage\"},\"image\":{\"@id\":\"https:\\\/\\\/aml-ci.com\\\/en\\\/alex-pereira-sen-prend-a-israel-adesanya-et-demande-une-trilogie-contre-lui\\\/#primaryimage\"},\"thumbnailUrl\":\"https:\\\/\\\/aml-ci.com\\\/wp-content\\\/uploads\\\/2023\\\/05\\\/ARRT3.jpg\",\"datePublished\":\"2023-05-22T13:04:38+00:00\",\"dateModified\":\"2023-05-30T15:41:18+00:00\",\"breadcrumb\":{\"@id\":\"https:\\\/\\\/aml-ci.com\\\/en\\\/alex-pereira-sen-prend-a-israel-adesanya-et-demande-une-trilogie-contre-lui\\\/#breadcrumb\"},\"inLanguage\":\"en-US\",\"potentialAction\":[{\"@type\":\"ReadAction\",\"target\":[\"https:\\\/\\\/aml-ci.com\\\/en\\\/alex-pereira-sen-prend-a-israel-adesanya-et-demande-une-trilogie-contre-lui\\\/\"]}]},{\"@type\":\"ImageObject\",\"inLanguage\":\"en-US\",\"@id\":\"https:\\\/\\\/aml-ci.com\\\/en\\\/alex-pereira-sen-prend-a-israel-adesanya-et-demande-une-trilogie-contre-lui\\\/#primaryimage\",\"url\":\"https:\\\/\\\/aml-ci.com\\\/wp-content\\\/uploads\\\/2023\\\/05\\\/ARRT3.jpg\",\"contentUrl\":\"https:\\\/\\\/aml-ci.com\\\/wp-content\\\/uploads\\\/2023\\\/05\\\/ARRT3.jpg\",\"width\":1065,\"height\":610},{\"@type\":\"BreadcrumbList\",\"@id\":\"https:\\\/\\\/aml-ci.com\\\/en\\\/alex-pereira-sen-prend-a-israel-adesanya-et-demande-une-trilogie-contre-lui\\\/#breadcrumb\",\"itemListElement\":[{\"@type\":\"ListItem\",\"position\":1,\"name\":\"Home\",\"item\":\"https:\\\/\\\/aml-ci.com\\\/\"},{\"@type\":\"ListItem\",\"position\":2,\"name\":\"Alex Pereira s\u2019en prend \u00e0 Israel Adesanya et demande une trilogie contre lui\"}]},{\"@type\":\"WebSite\",\"@id\":\"https:\\\/\\\/aml-ci.com\\\/#website\",\"url\":\"https:\\\/\\\/aml-ci.com\\\/\",\"name\":\"African MMA League\",\"description\":\"AML\",\"publisher\":{\"@id\":\"https:\\\/\\\/aml-ci.com\\\/#organization\"},\"potentialAction\":[{\"@type\":\"SearchAction\",\"target\":{\"@type\":\"EntryPoint\",\"urlTemplate\":\"https:\\\/\\\/aml-ci.com\\\/?s={search_term_string}\"},\"query-input\":{\"@type\":\"PropertyValueSpecification\",\"valueRequired\":true,\"valueName\":\"search_term_string\"}}],\"inLanguage\":\"en-US\"},{\"@type\":\"Organization\",\"@id\":\"https:\\\/\\\/aml-ci.com\\\/#organization\",\"name\":\"African MMA League\",\"url\":\"https:\\\/\\\/aml-ci.com\\\/\",\"logo\":{\"@type\":\"ImageObject\",\"inLanguage\":\"en-US\",\"@id\":\"https:\\\/\\\/aml-ci.com\\\/#\\\/schema\\\/logo\\\/image\\\/\",\"url\":\"https:\\\/\\\/aml-ci.com\\\/wp-content\\\/uploads\\\/2023\\\/01\\\/African-MMA-League-02-4-2-e1676899237520.png\",\"contentUrl\":\"https:\\\/\\\/aml-ci.com\\\/wp-content\\\/uploads\\\/2023\\\/01\\\/African-MMA-League-02-4-2-e1676899237520.png\",\"width\":1165,\"height\":480,\"caption\":\"African MMA League\"},\"image\":{\"@id\":\"https:\\\/\\\/aml-ci.com\\\/#\\\/schema\\\/logo\\\/image\\\/\"},\"sameAs\":[\"https:\\\/\\\/web.facebook.com\\\/people\\\/African-MMA-League\\\/100093224844051\\\/\",\"https:\\\/\\\/x.com\\\/aml_cl\",\"https:\\\/\\\/www.tiktok.com\\\/@africanmmaleague\",\"https:\\\/\\\/www.youtube.com\\\/@AfricanMMALeague\"]},{\"@type\":\"Person\",\"@id\":\"https:\\\/\\\/aml-ci.com\\\/#\\\/schema\\\/person\\\/460e6d70424b1a6c628435e17370232a\",\"name\":\"Ismael fofana\",\"image\":{\"@type\":\"ImageObject\",\"inLanguage\":\"en-US\",\"@id\":\"https:\\\/\\\/secure.gravatar.com\\\/avatar\\\/1569b44e1e9c150d626829b2d3f644119140d264756bcd3a430abe11eb5be169?s=96&d=mm&r=g\",\"url\":\"https:\\\/\\\/secure.gravatar.com\\\/avatar\\\/1569b44e1e9c150d626829b2d3f644119140d264756bcd3a430abe11eb5be169?s=96&d=mm&r=g\",\"contentUrl\":\"https:\\\/\\\/secure.gravatar.com\\\/avatar\\\/1569b44e1e9c150d626829b2d3f644119140d264756bcd3a430abe11eb5be169?s=96&d=mm&r=g\",\"caption\":\"Ismael fofana\"},\"url\":\"https:\\\/\\\/aml-ci.com\\\/en\\\/author\\\/corsaire\\\/\"}]}<\/script>\n<!-- \/ Yoast SEO plugin. -->","yoast_head_json":{"title":"Alex Pereira s\u2019en prend \u00e0 Israel Adesanya et demande une trilogie contre lui - African MMA League","robots":{"index":"index","follow":"follow","max-snippet":"max-snippet:-1","max-image-preview":"max-image-preview:large","max-video-preview":"max-video-preview:-1"},"canonical":"https:\/\/aml-ci.com\/en\/alex-pereira-sen-prend-a-israel-adesanya-et-demande-une-trilogie-contre-lui\/","og_locale":"en_US","og_type":"article","og_title":"Alex Pereira s\u2019en prend \u00e0 Israel Adesanya et demande une trilogie contre lui - African MMA League","og_description":"Alex Pereira s\u2019est adress\u00e9 directement \u00e0 Israel Adesanya et a tenu \u00e0 lui rappeler certaines choses, tout en demandant une trilogie. Alex Pereira&nbsp;n\u2019a pas r\u00e9ussi \u00e0 garder son titre middleweight qu\u2019il avait pris \u00e0 l\u2019UFC 281 \u00e0 Israel Adesanya. En effet, lors de sa premi\u00e8re d\u00e9fense de titre contre ce m\u00eame Adesanya,&nbsp;il a perdu par &hellip; Alex Pereira s\u2019en prend \u00e0 Israel Adesanya et demande une trilogie contre lui Read More \u00bb","og_url":"https:\/\/aml-ci.com\/en\/alex-pereira-sen-prend-a-israel-adesanya-et-demande-une-trilogie-contre-lui\/","og_site_name":"African MMA League","article_publisher":"https:\/\/web.facebook.com\/people\/African-MMA-League\/100093224844051\/","article_published_time":"2023-05-22T13:04:38+00:00","article_modified_time":"2023-05-30T15:41:18+00:00","og_image":[{"width":1065,"height":610,"url":"https:\/\/aml-ci.com\/wp-content\/uploads\/2023\/05\/ARRT3.jpg","type":"image\/jpeg"}],"author":"Ismael fofana","twitter_card":"summary_large_image","twitter_creator":"@aml_cl","twitter_site":"@aml_cl","twitter_misc":{"Written by":"Ismael fofana","Est. reading time":"2 minutes"},"schema":{"@context":"https:\/\/schema.org","@graph":[{"@type":"Article","@id":"https:\/\/aml-ci.com\/en\/alex-pereira-sen-prend-a-israel-adesanya-et-demande-une-trilogie-contre-lui\/#article","isPartOf":{"@id":"https:\/\/aml-ci.com\/en\/alex-pereira-sen-prend-a-israel-adesanya-et-demande-une-trilogie-contre-lui\/"},"author":{"name":"Ismael fofana","@id":"https:\/\/aml-ci.com\/#\/schema\/person\/460e6d70424b1a6c628435e17370232a"},"headline":"Alex Pereira s\u2019en prend \u00e0 Israel Adesanya et demande une trilogie contre lui","datePublished":"2023-05-22T13:04:38+00:00","dateModified":"2023-05-30T15:41:18+00:00","mainEntityOfPage":{"@id":"https:\/\/aml-ci.com\/en\/alex-pereira-sen-prend-a-israel-adesanya-et-demande-une-trilogie-contre-lui\/"},"wordCount":382,"commentCount":0,"publisher":{"@id":"https:\/\/aml-ci.com\/#organization"},"image":{"@id":"https:\/\/aml-ci.com\/en\/alex-pereira-sen-prend-a-israel-adesanya-et-demande-une-trilogie-contre-lui\/#primaryimage"},"thumbnailUrl":"https:\/\/aml-ci.com\/wp-content\/uploads\/2023\/05\/ARRT3.jpg","articleSection":["Presses"],"inLanguage":"en-US","potentialAction":[{"@type":"CommentAction","name":"Comment","target":["https:\/\/aml-ci.com\/en\/alex-pereira-sen-prend-a-israel-adesanya-et-demande-une-trilogie-contre-lui\/#respond"]}]},{"@type":"WebPage","@id":"https:\/\/aml-ci.com\/en\/alex-pereira-sen-prend-a-israel-adesanya-et-demande-une-trilogie-contre-lui\/","url":"https:\/\/aml-ci.com\/en\/alex-pereira-sen-prend-a-israel-adesanya-et-demande-une-trilogie-contre-lui\/","name":"Alex Pereira s\u2019en prend \u00e0 Israel Adesanya et demande une trilogie contre lui - African MMA League","isPartOf":{"@id":"https:\/\/aml-ci.com\/#website"},"primaryImageOfPage":{"@id":"https:\/\/aml-ci.com\/en\/alex-pereira-sen-prend-a-israel-adesanya-et-demande-une-trilogie-contre-lui\/#primaryimage"},"image":{"@id":"https:\/\/aml-ci.com\/en\/alex-pereira-sen-prend-a-israel-adesanya-et-demande-une-trilogie-contre-lui\/#primaryimage"},"thumbnailUrl":"https:\/\/aml-ci.com\/wp-content\/uploads\/2023\/05\/ARRT3.jpg","datePublished":"2023-05-22T13:04:38+00:00","dateModified":"2023-05-30T15:41:18+00:00","breadcrumb":{"@id":"https:\/\/aml-ci.com\/en\/alex-pereira-sen-prend-a-israel-adesanya-et-demande-une-trilogie-contre-lui\/#breadcrumb"},"inLanguage":"en-US","potentialAction":[{"@type":"ReadAction","target":["https:\/\/aml-ci.com\/en\/alex-pereira-sen-prend-a-israel-adesanya-et-demande-une-trilogie-contre-lui\/"]}]},{"@type":"ImageObject","inLanguage":"en-US","@id":"https:\/\/aml-ci.com\/en\/alex-pereira-sen-prend-a-israel-adesanya-et-demande-une-trilogie-contre-lui\/#primaryimage","url":"https:\/\/aml-ci.com\/wp-content\/uploads\/2023\/05\/ARRT3.jpg","contentUrl":"https:\/\/aml-ci.com\/wp-content\/uploads\/2023\/05\/ARRT3.jpg","width":1065,"height":610},{"@type":"BreadcrumbList","@id":"https:\/\/aml-ci.com\/en\/alex-pereira-sen-prend-a-israel-adesanya-et-demande-une-trilogie-contre-lui\/#breadcrumb","itemListElement":[{"@type":"ListItem","position":1,"name":"Home","item":"https:\/\/aml-ci.com\/"},{"@type":"ListItem","position":2,"name":"Alex Pereira s\u2019en prend \u00e0 Israel Adesanya et demande une trilogie contre lui"}]},{"@type":"WebSite","@id":"https:\/\/aml-ci.com\/#website","url":"https:\/\/aml-ci.com\/","name":"African MMA League","description":"AML","publisher":{"@id":"https:\/\/aml-ci.com\/#organization"},"potentialAction":[{"@type":"SearchAction","target":{"@type":"EntryPoint","urlTemplate":"https:\/\/aml-ci.com\/?s={search_term_string}"},"query-input":{"@type":"PropertyValueSpecification","valueRequired":true,"valueName":"search_term_string"}}],"inLanguage":"en-US"},{"@type":"Organization","@id":"https:\/\/aml-ci.com\/#organization","name":"African MMA League","url":"https:\/\/aml-ci.com\/","logo":{"@type":"ImageObject","inLanguage":"en-US","@id":"https:\/\/aml-ci.com\/#\/schema\/logo\/image\/","url":"https:\/\/aml-ci.com\/wp-content\/uploads\/2023\/01\/African-MMA-League-02-4-2-e1676899237520.png","contentUrl":"https:\/\/aml-ci.com\/wp-content\/uploads\/2023\/01\/African-MMA-League-02-4-2-e1676899237520.png","width":1165,"height":480,"caption":"African MMA League"},"image":{"@id":"https:\/\/aml-ci.com\/#\/schema\/logo\/image\/"},"sameAs":["https:\/\/web.facebook.com\/people\/African-MMA-League\/100093224844051\/","https:\/\/x.com\/aml_cl","https:\/\/www.tiktok.com\/@africanmmaleague","https:\/\/www.youtube.com\/@AfricanMMALeague"]},{"@type":"Person","@id":"https:\/\/aml-ci.com\/#\/schema\/person\/460e6d70424b1a6c628435e17370232a","name":"Ismael fofana","image":{"@type":"ImageObject","inLanguage":"en-US","@id":"https:\/\/secure.gravatar.com\/avatar\/1569b44e1e9c150d626829b2d3f644119140d264756bcd3a430abe11eb5be169?s=96&d=mm&r=g","url":"https:\/\/secure.gravatar.com\/avatar\/1569b44e1e9c150d626829b2d3f644119140d264756bcd3a430abe11eb5be169?s=96&d=mm&r=g","contentUrl":"https:\/\/secure.gravatar.com\/avatar\/1569b44e1e9c150d626829b2d3f644119140d264756bcd3a430abe11eb5be169?s=96&d=mm&r=g","caption":"Ismael fofana"},"url":"https:\/\/aml-ci.com\/en\/author\/corsaire\/"}]}},"_links":{"self":[{"href":"https:\/\/aml-ci.com\/en\/wp-json\/wp\/v2\/posts\/4002","targetHints":{"allow":["GET"]}}],"collection":[{"href":"https:\/\/aml-ci.com\/en\/wp-json\/wp\/v2\/posts"}],"about":[{"href":"https:\/\/aml-ci.com\/en\/wp-json\/wp\/v2\/types\/post"}],"author":[{"embeddable":true,"href":"https:\/\/aml-ci.com\/en\/wp-json\/wp\/v2\/users\/2"}],"replies":[{"embeddable":true,"href":"https:\/\/aml-ci.com\/en\/wp-json\/wp\/v2\/comments?post=4002"}],"version-history":[{"count":6,"href":"https:\/\/aml-ci.com\/en\/wp-json\/wp\/v2\/posts\/4002\/revisions"}],"predecessor-version":[{"id":4210,"href":"https:\/\/aml-ci.com\/en\/wp-json\/wp\/v2\/posts\/4002\/revisions\/4210"}],"wp:featuredmedia":[{"embeddable":true,"href":"https:\/\/aml-ci.com\/en\/wp-json\/wp\/v2\/media\/4198"}],"wp:attachment":[{"href":"https:\/\/aml-ci.com\/en\/wp-json\/wp\/v2\/media?parent=4002"}],"wp:term":[{"taxonomy":"category","embeddable":true,"href":"https:\/\/aml-ci.com\/en\/wp-json\/wp\/v2\/categories?post=4002"},{"taxonomy":"post_tag","embeddable":true,"href":"https:\/\/aml-ci.com\/en\/wp-json\/wp\/v2\/tags?post=4002"}],"curies":[{"name":"wp","href":"https:\/\/api.w.org\/{rel}","templated":true}]}}