{"id":3993,"date":"2023-05-22T17:57:43","date_gmt":"2023-05-22T12:57:43","guid":{"rendered":"https:\/\/aml-ci.com\/?p=3993"},"modified":"2023-05-30T21:00:32","modified_gmt":"2023-05-30T16:00:32","slug":"hexagone-mma-lorganisation-francaise-annonce-des-evenements-de-folie-pour-les-mois-a-venir","status":"publish","type":"post","link":"https:\/\/aml-ci.com\/en\/hexagone-mma-lorganisation-francaise-annonce-des-evenements-de-folie-pour-les-mois-a-venir\/","title":{"rendered":"Hexagone MMA : l\u2019organisation fran\u00e7aise annonce des \u00e9v\u00e8nements de folie pour les mois \u00e0 venir !"},"content":{"rendered":"<div data-elementor-type=\"wp-post\" data-elementor-id=\"3993\" class=\"elementor elementor-3993\">\n\t\t\t\t\t\t<section class=\"elementor-section elementor-top-section elementor-element elementor-element-c8b0e63 elementor-section-boxed elementor-section-height-default elementor-section-height-default\" data-id=\"c8b0e63\" data-element_type=\"section\" data-e-type=\"section\">\n\t\t\t\t\t\t<div class=\"elementor-container elementor-column-gap-default\">\n\t\t\t\t\t<div class=\"elementor-column elementor-col-100 elementor-top-column elementor-element elementor-element-13e15e8\" data-id=\"13e15e8\" data-element_type=\"column\" data-e-type=\"column\">\n\t\t\t<div class=\"elementor-widget-wrap elementor-element-populated\">\n\t\t\t\t\t\t<div class=\"elementor-element elementor-element-1280d81 dce_masking-none elementor-widget elementor-widget-image\" data-id=\"1280d81\" data-element_type=\"widget\" data-e-type=\"widget\" data-widget_type=\"image.default\">\n\t\t\t\t<div class=\"elementor-widget-container\">\n\t\t\t\t\t\t\t\t\t\t\t\t\t\t\t<img fetchpriority=\"high\" decoding=\"async\" width=\"1024\" height=\"538\" src=\"https:\/\/aml-ci.com\/wp-content\/uploads\/2023\/05\/Hexagone-MMA-Metal-Boxe-partenariat-MMA-1024x538.jpg\" class=\"attachment-large size-large wp-image-3985\" alt=\"\" srcset=\"https:\/\/aml-ci.com\/wp-content\/uploads\/2023\/05\/Hexagone-MMA-Metal-Boxe-partenariat-MMA-1024x538.jpg 1024w, https:\/\/aml-ci.com\/wp-content\/uploads\/2023\/05\/Hexagone-MMA-Metal-Boxe-partenariat-MMA-300x158.jpg 300w, https:\/\/aml-ci.com\/wp-content\/uploads\/2023\/05\/Hexagone-MMA-Metal-Boxe-partenariat-MMA-768x403.jpg 768w, https:\/\/aml-ci.com\/wp-content\/uploads\/2023\/05\/Hexagone-MMA-Metal-Boxe-partenariat-MMA.jpg 1200w\" sizes=\"(max-width: 1024px) 100vw, 1024px\" \/>\t\t\t\t\t\t\t\t\t\t\t\t\t\t\t<\/div>\n\t\t\t\t<\/div>\n\t\t\t\t\t<\/div>\n\t\t<\/div>\n\t\t\t\t\t<\/div>\n\t\t<\/section>\n\t\t\t\t<section class=\"elementor-section elementor-top-section elementor-element elementor-element-560fc8d elementor-section-boxed elementor-section-height-default elementor-section-height-default\" data-id=\"560fc8d\" data-element_type=\"section\" data-e-type=\"section\">\n\t\t\t\t\t\t<div class=\"elementor-container elementor-column-gap-default\">\n\t\t\t\t\t<div class=\"elementor-column elementor-col-100 elementor-top-column elementor-element elementor-element-36b4b37\" data-id=\"36b4b37\" data-element_type=\"column\" data-e-type=\"column\">\n\t\t\t<div class=\"elementor-widget-wrap elementor-element-populated\">\n\t\t\t\t\t\t<div class=\"elementor-element elementor-element-b63c428 elementor-widget elementor-widget-text-editor\" data-id=\"b63c428\" data-element_type=\"widget\" data-e-type=\"widget\" data-widget_type=\"text-editor.default\">\n\t\t\t\t<div class=\"elementor-widget-container\">\n\t\t\t\t\t\t\t\t\t<p style=\"margin-bottom: 0px; padding-top: 7px; padding-bottom: 7px; line-height: 1.9; color: #444444; font-family: 'Open Sans', sans-serif; font-size: 15px; font-style: normal; font-weight: 400;\"><span style=\"font-weight: bold;\">HEXAGONE MMA fera son retour d\u00e8s le 3 juin. Trois dates cl\u00e9s sont \u00e0 retenir pour assister \u00e0 des shows de qualit\u00e9s.<\/span><\/p><p style=\"margin-bottom: 0px; padding-top: 7px; padding-bottom: 7px; line-height: 1.9; color: #444444; font-family: 'Open Sans', sans-serif; font-size: 15px; font-style: normal; font-weight: 400;\">En quelques ann\u00e9es, HEXAGONE MMA est devenue une ligue r\u00e9f\u00e9rence en Europe. L\u2019organisation fran\u00e7aise met des \u00e9v\u00e9nements en place \u00e0 Paris, en province, mais aussi \u00e0 l\u2019\u00e9tranger avec des shows \u00e0 Duba\u00ef ou en Allemagne.<\/p><p style=\"margin-bottom: 0px; padding-top: 7px; padding-bottom: 7px; line-height: 1.9; color: #444444; font-family: 'Open Sans', sans-serif; font-size: 15px; font-style: normal; font-weight: 400;\">HEXAGONE MMA tient dans ses rangs de nombreuses stars internationales de MMA, mais aussi des espoirs issus de la nouvelle g\u00e9n\u00e9ration. Le tout pour proposer des combats de haut niveau toujours plus spectaculaires au public !<\/p><div id=\"bsa-block-900--450\" class=\"bsaProContainer bsaProContainer-15 bsa-block-900--450 bsa-pro-col-1\" style=\"font-family: 'Open Sans', sans-serif; height: 0px; width: 580px; clear: both; display: table; color: #444444; font-size: 15px;\"><div class=\"bsaProItems bsaGridGutter\" style=\"height: 0px; width: 580px; clear: both; display: table;\">\u00a0<\/div><\/div><p style=\"margin-bottom: 0px; padding-top: 7px; padding-bottom: 7px; line-height: 1.9; color: #444444; font-family: 'Open Sans', sans-serif; font-size: 15px; font-style: normal; font-weight: 400;\">HEXAGONE MMA fera son grand retour prochainement. Afin d\u2019assister \u00e0 des shows de folie, il faut retenir trois dates. Chacun des \u00e9v\u00e9nements sera retransmis en France sur la cha\u00eene de t\u00e9l\u00e9vision Wataaa, et dans 150 pays au total.<\/p><ul style=\"margin-bottom: 10px; line-height: 2.1; padding-left: 16px; color: #444444; font-family: 'Open Sans', sans-serif; font-size: 15px; font-style: normal; font-weight: 400;\"><li>Le premier \u00e9v\u00e9nement aura lieu le\u00a0<span style=\"font-weight: bold;\">samedi 3 Juin aux Ar\u00e8nes de B\u00e9ziers<\/span>\u00a0(lien de la billetterie :\u00a0<a style=\"color: #ec971f; text-decoration-line: underline; transition-timing-function: ease; transition-property: color; outline: 0px; font-weight: bold;\" href=\"https:\/\/www.talticket.com\/reserver\/hexagone-mma-3\/44944\" target=\"_blank\" rel=\"noopener nofollow\">https:\/\/www.talticket.com\/reserver\/hexagone-mma-3\/44944<\/a>).<\/li><\/ul><p style=\"margin-bottom: 0px; padding-top: 7px; padding-bottom: 7px; line-height: 1.9; color: #444444; font-family: 'Open Sans', sans-serif; font-size: 15px; font-style: normal; font-weight: 400;\">La fight card est d\u00e9j\u00e0 pleine de talent et nous promet un tr\u00e8s grand spectacle.<\/p>\t\t\t\t\t\t\t\t<\/div>\n\t\t\t\t<\/div>\n\t\t\t\t\t<\/div>\n\t\t<\/div>\n\t\t\t\t\t<\/div>\n\t\t<\/section>\n\t\t\t\t<section class=\"elementor-section elementor-top-section elementor-element elementor-element-7618440 elementor-section-boxed elementor-section-height-default elementor-section-height-default\" data-id=\"7618440\" data-element_type=\"section\" data-e-type=\"section\">\n\t\t\t\t\t\t<div class=\"elementor-container elementor-column-gap-default\">\n\t\t\t\t\t<div class=\"elementor-column elementor-col-100 elementor-top-column elementor-element elementor-element-faf46b5\" data-id=\"faf46b5\" data-element_type=\"column\" data-e-type=\"column\">\n\t\t\t<div class=\"elementor-widget-wrap elementor-element-populated\">\n\t\t\t\t\t\t<div class=\"elementor-element elementor-element-8717d03 dce_masking-none elementor-widget elementor-widget-image\" data-id=\"8717d03\" data-element_type=\"widget\" data-e-type=\"widget\" data-widget_type=\"image.default\">\n\t\t\t\t<div class=\"elementor-widget-container\">\n\t\t\t\t\t\t\t\t\t\t\t\t\t\t\t<img decoding=\"async\" width=\"1024\" height=\"1024\" src=\"https:\/\/aml-ci.com\/wp-content\/uploads\/2023\/05\/Hexagon_8-_Fightcard-compressed-2048x2048-1-1024x1024.jpg\" class=\"attachment-large size-large wp-image-3986\" alt=\"\" srcset=\"https:\/\/aml-ci.com\/wp-content\/uploads\/2023\/05\/Hexagon_8-_Fightcard-compressed-2048x2048-1-1024x1024.jpg 1024w, https:\/\/aml-ci.com\/wp-content\/uploads\/2023\/05\/Hexagon_8-_Fightcard-compressed-2048x2048-1-300x300.jpg 300w, https:\/\/aml-ci.com\/wp-content\/uploads\/2023\/05\/Hexagon_8-_Fightcard-compressed-2048x2048-1-150x150.jpg 150w, https:\/\/aml-ci.com\/wp-content\/uploads\/2023\/05\/Hexagon_8-_Fightcard-compressed-2048x2048-1-768x768.jpg 768w, https:\/\/aml-ci.com\/wp-content\/uploads\/2023\/05\/Hexagon_8-_Fightcard-compressed-2048x2048-1-1536x1536.jpg 1536w, https:\/\/aml-ci.com\/wp-content\/uploads\/2023\/05\/Hexagon_8-_Fightcard-compressed-2048x2048-1.jpg 2048w\" sizes=\"(max-width: 1024px) 100vw, 1024px\" \/>\t\t\t\t\t\t\t\t\t\t\t\t\t\t\t<\/div>\n\t\t\t\t<\/div>\n\t\t\t\t\t<\/div>\n\t\t<\/div>\n\t\t\t\t\t<\/div>\n\t\t<\/section>\n\t\t\t\t<section class=\"elementor-section elementor-top-section elementor-element elementor-element-276e9d5 elementor-section-boxed elementor-section-height-default elementor-section-height-default\" data-id=\"276e9d5\" data-element_type=\"section\" data-e-type=\"section\">\n\t\t\t\t\t\t<div class=\"elementor-container elementor-column-gap-default\">\n\t\t\t\t\t<div class=\"elementor-column elementor-col-100 elementor-top-column elementor-element elementor-element-6cba2b4\" data-id=\"6cba2b4\" data-element_type=\"column\" data-e-type=\"column\">\n\t\t\t<div class=\"elementor-widget-wrap elementor-element-populated\">\n\t\t\t\t\t\t<div class=\"elementor-element elementor-element-8f4bc8e elementor-widget elementor-widget-text-editor\" data-id=\"8f4bc8e\" data-element_type=\"widget\" data-e-type=\"widget\" data-widget_type=\"text-editor.default\">\n\t\t\t\t<div class=\"elementor-widget-container\">\n\t\t\t\t\t\t\t\t\t<ul style=\"margin-bottom: 10px; line-height: 2.1; padding-left: 16px; color: #444444; font-family: 'Open Sans', sans-serif; font-size: 15px; font-style: normal; font-weight: 400;\"><li>Le second se d\u00e9roulera le\u00a0<span style=\"font-weight: bold;\">17 Juin au Reims Arena<\/span>\u00a0(lien de la billetterie :\u00a0<a style=\"color: #ec971f; transition-timing-function: ease; transition-property: color; outline: 0px; font-weight: bold;\" href=\"https:\/\/www.talticket.com\/reserver\/hexagone-mma\/44402\" target=\"_blank\" rel=\"noopener nofollow\">https:\/\/www.talticket.com\/reserver\/hexagone-mma\/44402<\/a>).<\/li><\/ul><p style=\"margin-bottom: 0px; padding-top: 7px; padding-bottom: 7px; line-height: 1.9; color: #444444; font-family: 'Open Sans', sans-serif; font-size: 15px; font-style: normal; font-weight: 400;\">Pass\u00e9 par les plus grandes organisations mondiales, dont le Bellator et le PFL, le Fran\u00e7ais Anthony Dizy (14-4) sera une des t\u00eates d\u2019affiche de la soir\u00e9e. Aussi au programme, Matthieu Letho, connu en tant qu\u2019arbitre sur la cha\u00eene d\u2019ibra TV,\u00a0 avec deux victoires chez HEXAGONE MMA face \u00e0\u00a0 l\u2019espagnol Geison Santana Moreno.<\/p>\t\t\t\t\t\t\t\t<\/div>\n\t\t\t\t<\/div>\n\t\t\t\t\t<\/div>\n\t\t<\/div>\n\t\t\t\t\t<\/div>\n\t\t<\/section>\n\t\t\t\t<section class=\"elementor-section elementor-top-section elementor-element elementor-element-0fde744 elementor-section-boxed elementor-section-height-default elementor-section-height-default\" data-id=\"0fde744\" data-element_type=\"section\" data-e-type=\"section\">\n\t\t\t\t\t\t<div class=\"elementor-container elementor-column-gap-default\">\n\t\t\t\t\t<div class=\"elementor-column elementor-col-100 elementor-top-column elementor-element elementor-element-e195712\" data-id=\"e195712\" data-element_type=\"column\" data-e-type=\"column\">\n\t\t\t<div class=\"elementor-widget-wrap elementor-element-populated\">\n\t\t\t\t\t\t<div class=\"elementor-element elementor-element-6314dbf dce_masking-none elementor-widget elementor-widget-image\" data-id=\"6314dbf\" data-element_type=\"widget\" data-e-type=\"widget\" data-widget_type=\"image.default\">\n\t\t\t\t<div class=\"elementor-widget-container\">\n\t\t\t\t\t\t\t\t\t\t\t\t\t\t\t<img decoding=\"async\" width=\"1024\" height=\"1024\" src=\"https:\/\/aml-ci.com\/wp-content\/uploads\/2023\/05\/Hexagone-mma-9-Fightcard-1024x1024.jpg\" class=\"attachment-large size-large wp-image-3987\" alt=\"\" srcset=\"https:\/\/aml-ci.com\/wp-content\/uploads\/2023\/05\/Hexagone-mma-9-Fightcard-1024x1024.jpg 1024w, https:\/\/aml-ci.com\/wp-content\/uploads\/2023\/05\/Hexagone-mma-9-Fightcard-300x300.jpg 300w, https:\/\/aml-ci.com\/wp-content\/uploads\/2023\/05\/Hexagone-mma-9-Fightcard-150x150.jpg 150w, https:\/\/aml-ci.com\/wp-content\/uploads\/2023\/05\/Hexagone-mma-9-Fightcard-768x768.jpg 768w, https:\/\/aml-ci.com\/wp-content\/uploads\/2023\/05\/Hexagone-mma-9-Fightcard.jpg 1200w\" sizes=\"(max-width: 1024px) 100vw, 1024px\" \/>\t\t\t\t\t\t\t\t\t\t\t\t\t\t\t<\/div>\n\t\t\t\t<\/div>\n\t\t\t\t\t<\/div>\n\t\t<\/div>\n\t\t\t\t\t<\/div>\n\t\t<\/section>\n\t\t\t\t<section class=\"elementor-section elementor-top-section elementor-element elementor-element-cf9e70d elementor-section-boxed elementor-section-height-default elementor-section-height-default\" data-id=\"cf9e70d\" data-element_type=\"section\" data-e-type=\"section\">\n\t\t\t\t\t\t<div class=\"elementor-container elementor-column-gap-default\">\n\t\t\t\t\t<div class=\"elementor-column elementor-col-100 elementor-top-column elementor-element elementor-element-c348e13\" data-id=\"c348e13\" data-element_type=\"column\" data-e-type=\"column\">\n\t\t\t<div class=\"elementor-widget-wrap elementor-element-populated\">\n\t\t\t\t\t\t<div class=\"elementor-element elementor-element-fd6e4f2 elementor-widget elementor-widget-text-editor\" data-id=\"fd6e4f2\" data-element_type=\"widget\" data-e-type=\"widget\" data-widget_type=\"text-editor.default\">\n\t\t\t\t<div class=\"elementor-widget-container\">\n\t\t\t\t\t\t\t\t\t<ul style=\"margin-bottom: 10px; line-height: 2.1; padding-left: 16px; color: rgb(68, 68, 68); font-family: &quot;Open Sans&quot;, sans-serif; font-size: 15px; font-style: normal; font-weight: 400;\"><li>Enfin, HEXAGONE MMA sera&nbsp;<span style=\"font-weight: 700;\">au Th\u00e9\u00e2tre Antique d\u2019Orange, le 28 Juillet<\/span>&nbsp;(lien de la billetterie :&nbsp;<a href=\"https:\/\/www.talticket.com\/reserver\/hexagone-mma-1\/44435\" target=\"_blank\" rel=\"noopener nofollow\" style=\"color: rgb(236, 151, 31); transition-timing-function: ease; transition-property: color; outline: 0px; font-weight: 700;\">https:\/\/www.talticket.com\/reserver\/hexagone-mma-1\/44435<\/a>).<\/li><\/ul><p style=\"margin-bottom: 0px; padding-top: 7px; padding-bottom: 7px; line-height: 1.9; color: rgb(68, 68, 68); font-family: &quot;Open Sans&quot;, sans-serif; font-size: 15px; font-style: normal; font-weight: 400;\">Cet \u00e9difice vieux de 2000 ans est un pur vestige de l\u2019architecture romaine et est inscrit au Patrimoine mondial de l\u2019UNESCO. Pour la premi\u00e8re fois, ce lieu accueillera un \u00e9v\u00e8nement de MMA. Les combattants de nos jours, v\u00e9ritables gladiateurs des temps modernes, seront sans nul doute galvanis\u00e9s par ce cadre antique.<\/p><p style=\"margin-bottom: 0px; padding-top: 7px; padding-bottom: 7px; line-height: 1.9; color: rgb(68, 68, 68); font-family: &quot;Open Sans&quot;, sans-serif; font-size: 15px; font-style: normal; font-weight: 400;\"><\/p><p style=\"margin-bottom: 0px; padding-top: 7px; padding-bottom: 7px; line-height: 1.9; color: rgb(68, 68, 68); font-family: &quot;Open Sans&quot;, sans-serif; font-size: 15px; font-style: normal; font-weight: 400;\"><\/p><h3 style=\"font-family: &quot;Open Sans&quot;, sans-serif; line-height: 1.5; color: rgb(28, 28, 28); font-size: 24px; padding-bottom: 1px; font-style: normal;\">Metal Boxe, le sponsor id\u00e9al<\/h3><p style=\"margin-bottom: 0px; padding-top: 7px; padding-bottom: 7px; line-height: 1.9; color: rgb(68, 68, 68); font-family: &quot;Open Sans&quot;, sans-serif; font-size: 15px; font-style: normal; font-weight: 400;\">Depuis le premier \u00e9v\u00e9nement de l\u2019organisation en juillet 2021,&nbsp;<a href=\"https:\/\/hexagonemma.fr\/\" target=\"_blank\" rel=\"noopener\" style=\"color: rgb(236, 151, 31); transition-timing-function: ease; transition-property: color; outline: 0px; font-weight: 700;\">HEXAGONE MMA<\/a>&nbsp;a fourni les \u00e9quipements des gammes&nbsp;<a href=\"https:\/\/metalboxe.com\/fr\/\" target=\"_blank\" rel=\"noopener\" style=\"color: rgb(236, 151, 31); transition-timing-function: ease; transition-property: color; outline: 0px; font-weight: 700;\">METAL BOXE<\/a>&nbsp;\u00e0 ses combattants. V\u00e9ritable r\u00e9f\u00e9rence dans le monde des arts martiaux, METAL BOXE allie performance, qualit\u00e9 et esth\u00e9tisme. Forc\u00e9ment, la place de la marque num\u00e9ro 1 en France \u00e9tait dans une organisation de haut profil.<\/p>\t\t\t\t\t\t\t\t<\/div>\n\t\t\t\t<\/div>\n\t\t\t\t\t<\/div>\n\t\t<\/div>\n\t\t\t\t\t<\/div>\n\t\t<\/section>\n\t\t\t\t<\/div>","protected":false},"excerpt":{"rendered":"<p>HEXAGONE MMA fera son retour d\u00e8s le 3 juin. Trois dates cl\u00e9s sont \u00e0 retenir pour assister \u00e0 des shows de qualit\u00e9s. En quelques ann\u00e9es, HEXAGONE MMA est devenue une ligue r\u00e9f\u00e9rence en Europe. L\u2019organisation fran\u00e7aise met des \u00e9v\u00e9nements en place \u00e0 Paris, en province, mais aussi \u00e0 l\u2019\u00e9tranger avec des shows \u00e0 Duba\u00ef ou &hellip;<\/p>\n<p class=\"read-more\"> <a class=\"\" href=\"https:\/\/aml-ci.com\/en\/hexagone-mma-lorganisation-francaise-annonce-des-evenements-de-folie-pour-les-mois-a-venir\/\"> <span class=\"screen-reader-text\">Hexagone MMA : l\u2019organisation fran\u00e7aise annonce des \u00e9v\u00e8nements de folie pour les mois \u00e0 venir !<\/span> Read More \u00bb<\/a><\/p>","protected":false},"author":2,"featured_media":4203,"comment_status":"open","ping_status":"open","sticky":false,"template":"","format":"standard","meta":{"site-sidebar-layout":"default","site-content-layout":"","ast-site-content-layout":"","site-content-style":"default","site-sidebar-style":"default","ast-global-header-display":"","ast-banner-title-visibility":"","ast-main-header-display":"","ast-hfb-above-header-display":"","ast-hfb-below-header-display":"","ast-hfb-mobile-header-display":"","site-post-title":"","ast-breadcrumbs-content":"","ast-featured-img":"","footer-sml-layout":"","theme-transparent-header-meta":"","adv-header-id-meta":"","stick-header-meta":"","header-above-stick-meta":"","header-main-stick-meta":"","header-below-stick-meta":"","astra-migrate-meta-layouts":"","footnotes":""},"categories":[1],"tags":[],"class_list":["post-3993","post","type-post","status-publish","format-standard","has-post-thumbnail","hentry","category-https-sport-ivoire-ci-autres-sports-arts-martiaux-aml-06-samo-samo-battu-moussa-sounkara"],"acf":[],"yoast_head":"<!-- This site is optimized with the Yoast SEO plugin v27.4 - https:\/\/yoast.com\/product\/yoast-seo-wordpress\/ -->\n<title>Hexagone MMA : l\u2019organisation fran\u00e7aise annonce des \u00e9v\u00e8nements de folie pour les mois \u00e0 venir ! - African MMA League<\/title>\n<meta name=\"robots\" content=\"index, follow, max-snippet:-1, max-image-preview:large, max-video-preview:-1\" \/>\n<link rel=\"canonical\" href=\"https:\/\/aml-ci.com\/en\/hexagone-mma-lorganisation-francaise-annonce-des-evenements-de-folie-pour-les-mois-a-venir\/\" \/>\n<meta property=\"og:locale\" content=\"en_US\" \/>\n<meta property=\"og:type\" content=\"article\" \/>\n<meta property=\"og:title\" content=\"Hexagone MMA : l\u2019organisation fran\u00e7aise annonce des \u00e9v\u00e8nements de folie pour les mois \u00e0 venir ! - African MMA League\" \/>\n<meta property=\"og:description\" content=\"HEXAGONE MMA fera son retour d\u00e8s le 3 juin. Trois dates cl\u00e9s sont \u00e0 retenir pour assister \u00e0 des shows de qualit\u00e9s. En quelques ann\u00e9es, HEXAGONE MMA est devenue une ligue r\u00e9f\u00e9rence en Europe. L\u2019organisation fran\u00e7aise met des \u00e9v\u00e9nements en place \u00e0 Paris, en province, mais aussi \u00e0 l\u2019\u00e9tranger avec des shows \u00e0 Duba\u00ef ou &hellip; Hexagone MMA : l\u2019organisation fran\u00e7aise annonce des \u00e9v\u00e8nements de folie pour les mois \u00e0 venir ! Read More \u00bb\" \/>\n<meta property=\"og:url\" content=\"https:\/\/aml-ci.com\/en\/hexagone-mma-lorganisation-francaise-annonce-des-evenements-de-folie-pour-les-mois-a-venir\/\" \/>\n<meta property=\"og:site_name\" content=\"African MMA League\" \/>\n<meta property=\"article:publisher\" content=\"https:\/\/web.facebook.com\/people\/African-MMA-League\/100093224844051\/\" \/>\n<meta property=\"article:published_time\" content=\"2023-05-22T12:57:43+00:00\" \/>\n<meta property=\"article:modified_time\" content=\"2023-05-30T16:00:32+00:00\" \/>\n<meta property=\"og:image\" content=\"https:\/\/aml-ci.com\/wp-content\/uploads\/2023\/05\/ART6.jpg\" \/>\n\t<meta property=\"og:image:width\" content=\"1065\" \/>\n\t<meta property=\"og:image:height\" content=\"610\" \/>\n\t<meta property=\"og:image:type\" content=\"image\/jpeg\" \/>\n<meta name=\"author\" content=\"Ismael fofana\" \/>\n<meta name=\"twitter:card\" content=\"summary_large_image\" \/>\n<meta name=\"twitter:creator\" content=\"@aml_cl\" \/>\n<meta name=\"twitter:site\" content=\"@aml_cl\" \/>\n<meta name=\"twitter:label1\" content=\"Written by\" \/>\n\t<meta name=\"twitter:data1\" content=\"Ismael fofana\" \/>\n\t<meta name=\"twitter:label2\" content=\"Est. reading time\" \/>\n\t<meta name=\"twitter:data2\" content=\"2 minutes\" \/>\n<script type=\"application\/ld+json\" class=\"yoast-schema-graph\">{\"@context\":\"https:\\\/\\\/schema.org\",\"@graph\":[{\"@type\":\"Article\",\"@id\":\"https:\\\/\\\/aml-ci.com\\\/en\\\/hexagone-mma-lorganisation-francaise-annonce-des-evenements-de-folie-pour-les-mois-a-venir\\\/#article\",\"isPartOf\":{\"@id\":\"https:\\\/\\\/aml-ci.com\\\/en\\\/hexagone-mma-lorganisation-francaise-annonce-des-evenements-de-folie-pour-les-mois-a-venir\\\/\"},\"author\":{\"name\":\"Ismael fofana\",\"@id\":\"https:\\\/\\\/aml-ci.com\\\/#\\\/schema\\\/person\\\/460e6d70424b1a6c628435e17370232a\"},\"headline\":\"Hexagone MMA : l\u2019organisation fran\u00e7aise annonce des \u00e9v\u00e8nements de folie pour les mois \u00e0 venir !\",\"datePublished\":\"2023-05-22T12:57:43+00:00\",\"dateModified\":\"2023-05-30T16:00:32+00:00\",\"mainEntityOfPage\":{\"@id\":\"https:\\\/\\\/aml-ci.com\\\/en\\\/hexagone-mma-lorganisation-francaise-annonce-des-evenements-de-folie-pour-les-mois-a-venir\\\/\"},\"wordCount\":434,\"commentCount\":0,\"publisher\":{\"@id\":\"https:\\\/\\\/aml-ci.com\\\/#organization\"},\"image\":{\"@id\":\"https:\\\/\\\/aml-ci.com\\\/en\\\/hexagone-mma-lorganisation-francaise-annonce-des-evenements-de-folie-pour-les-mois-a-venir\\\/#primaryimage\"},\"thumbnailUrl\":\"https:\\\/\\\/aml-ci.com\\\/wp-content\\\/uploads\\\/2023\\\/05\\\/ART6.jpg\",\"articleSection\":[\"Presses\"],\"inLanguage\":\"en-US\",\"potentialAction\":[{\"@type\":\"CommentAction\",\"name\":\"Comment\",\"target\":[\"https:\\\/\\\/aml-ci.com\\\/en\\\/hexagone-mma-lorganisation-francaise-annonce-des-evenements-de-folie-pour-les-mois-a-venir\\\/#respond\"]}]},{\"@type\":\"WebPage\",\"@id\":\"https:\\\/\\\/aml-ci.com\\\/en\\\/hexagone-mma-lorganisation-francaise-annonce-des-evenements-de-folie-pour-les-mois-a-venir\\\/\",\"url\":\"https:\\\/\\\/aml-ci.com\\\/en\\\/hexagone-mma-lorganisation-francaise-annonce-des-evenements-de-folie-pour-les-mois-a-venir\\\/\",\"name\":\"Hexagone MMA : l\u2019organisation fran\u00e7aise annonce des \u00e9v\u00e8nements de folie pour les mois \u00e0 venir ! - African MMA League\",\"isPartOf\":{\"@id\":\"https:\\\/\\\/aml-ci.com\\\/#website\"},\"primaryImageOfPage\":{\"@id\":\"https:\\\/\\\/aml-ci.com\\\/en\\\/hexagone-mma-lorganisation-francaise-annonce-des-evenements-de-folie-pour-les-mois-a-venir\\\/#primaryimage\"},\"image\":{\"@id\":\"https:\\\/\\\/aml-ci.com\\\/en\\\/hexagone-mma-lorganisation-francaise-annonce-des-evenements-de-folie-pour-les-mois-a-venir\\\/#primaryimage\"},\"thumbnailUrl\":\"https:\\\/\\\/aml-ci.com\\\/wp-content\\\/uploads\\\/2023\\\/05\\\/ART6.jpg\",\"datePublished\":\"2023-05-22T12:57:43+00:00\",\"dateModified\":\"2023-05-30T16:00:32+00:00\",\"breadcrumb\":{\"@id\":\"https:\\\/\\\/aml-ci.com\\\/en\\\/hexagone-mma-lorganisation-francaise-annonce-des-evenements-de-folie-pour-les-mois-a-venir\\\/#breadcrumb\"},\"inLanguage\":\"en-US\",\"potentialAction\":[{\"@type\":\"ReadAction\",\"target\":[\"https:\\\/\\\/aml-ci.com\\\/en\\\/hexagone-mma-lorganisation-francaise-annonce-des-evenements-de-folie-pour-les-mois-a-venir\\\/\"]}]},{\"@type\":\"ImageObject\",\"inLanguage\":\"en-US\",\"@id\":\"https:\\\/\\\/aml-ci.com\\\/en\\\/hexagone-mma-lorganisation-francaise-annonce-des-evenements-de-folie-pour-les-mois-a-venir\\\/#primaryimage\",\"url\":\"https:\\\/\\\/aml-ci.com\\\/wp-content\\\/uploads\\\/2023\\\/05\\\/ART6.jpg\",\"contentUrl\":\"https:\\\/\\\/aml-ci.com\\\/wp-content\\\/uploads\\\/2023\\\/05\\\/ART6.jpg\",\"width\":1065,\"height\":610},{\"@type\":\"BreadcrumbList\",\"@id\":\"https:\\\/\\\/aml-ci.com\\\/en\\\/hexagone-mma-lorganisation-francaise-annonce-des-evenements-de-folie-pour-les-mois-a-venir\\\/#breadcrumb\",\"itemListElement\":[{\"@type\":\"ListItem\",\"position\":1,\"name\":\"Home\",\"item\":\"https:\\\/\\\/aml-ci.com\\\/\"},{\"@type\":\"ListItem\",\"position\":2,\"name\":\"Hexagone MMA : l\u2019organisation fran\u00e7aise annonce des \u00e9v\u00e8nements de folie pour les mois \u00e0 venir !\"}]},{\"@type\":\"WebSite\",\"@id\":\"https:\\\/\\\/aml-ci.com\\\/#website\",\"url\":\"https:\\\/\\\/aml-ci.com\\\/\",\"name\":\"African MMA League\",\"description\":\"AML\",\"publisher\":{\"@id\":\"https:\\\/\\\/aml-ci.com\\\/#organization\"},\"potentialAction\":[{\"@type\":\"SearchAction\",\"target\":{\"@type\":\"EntryPoint\",\"urlTemplate\":\"https:\\\/\\\/aml-ci.com\\\/?s={search_term_string}\"},\"query-input\":{\"@type\":\"PropertyValueSpecification\",\"valueRequired\":true,\"valueName\":\"search_term_string\"}}],\"inLanguage\":\"en-US\"},{\"@type\":\"Organization\",\"@id\":\"https:\\\/\\\/aml-ci.com\\\/#organization\",\"name\":\"African MMA League\",\"url\":\"https:\\\/\\\/aml-ci.com\\\/\",\"logo\":{\"@type\":\"ImageObject\",\"inLanguage\":\"en-US\",\"@id\":\"https:\\\/\\\/aml-ci.com\\\/#\\\/schema\\\/logo\\\/image\\\/\",\"url\":\"https:\\\/\\\/aml-ci.com\\\/wp-content\\\/uploads\\\/2023\\\/01\\\/African-MMA-League-02-4-2-e1676899237520.png\",\"contentUrl\":\"https:\\\/\\\/aml-ci.com\\\/wp-content\\\/uploads\\\/2023\\\/01\\\/African-MMA-League-02-4-2-e1676899237520.png\",\"width\":1165,\"height\":480,\"caption\":\"African MMA League\"},\"image\":{\"@id\":\"https:\\\/\\\/aml-ci.com\\\/#\\\/schema\\\/logo\\\/image\\\/\"},\"sameAs\":[\"https:\\\/\\\/web.facebook.com\\\/people\\\/African-MMA-League\\\/100093224844051\\\/\",\"https:\\\/\\\/x.com\\\/aml_cl\",\"https:\\\/\\\/www.tiktok.com\\\/@africanmmaleague\",\"https:\\\/\\\/www.youtube.com\\\/@AfricanMMALeague\"]},{\"@type\":\"Person\",\"@id\":\"https:\\\/\\\/aml-ci.com\\\/#\\\/schema\\\/person\\\/460e6d70424b1a6c628435e17370232a\",\"name\":\"Ismael fofana\",\"image\":{\"@type\":\"ImageObject\",\"inLanguage\":\"en-US\",\"@id\":\"https:\\\/\\\/secure.gravatar.com\\\/avatar\\\/1569b44e1e9c150d626829b2d3f644119140d264756bcd3a430abe11eb5be169?s=96&d=mm&r=g\",\"url\":\"https:\\\/\\\/secure.gravatar.com\\\/avatar\\\/1569b44e1e9c150d626829b2d3f644119140d264756bcd3a430abe11eb5be169?s=96&d=mm&r=g\",\"contentUrl\":\"https:\\\/\\\/secure.gravatar.com\\\/avatar\\\/1569b44e1e9c150d626829b2d3f644119140d264756bcd3a430abe11eb5be169?s=96&d=mm&r=g\",\"caption\":\"Ismael fofana\"},\"url\":\"https:\\\/\\\/aml-ci.com\\\/en\\\/author\\\/corsaire\\\/\"}]}<\/script>\n<!-- \/ Yoast SEO plugin. -->","yoast_head_json":{"title":"Hexagone MMA : l\u2019organisation fran\u00e7aise annonce des \u00e9v\u00e8nements de folie pour les mois \u00e0 venir ! - African MMA League","robots":{"index":"index","follow":"follow","max-snippet":"max-snippet:-1","max-image-preview":"max-image-preview:large","max-video-preview":"max-video-preview:-1"},"canonical":"https:\/\/aml-ci.com\/en\/hexagone-mma-lorganisation-francaise-annonce-des-evenements-de-folie-pour-les-mois-a-venir\/","og_locale":"en_US","og_type":"article","og_title":"Hexagone MMA : l\u2019organisation fran\u00e7aise annonce des \u00e9v\u00e8nements de folie pour les mois \u00e0 venir ! - African MMA League","og_description":"HEXAGONE MMA fera son retour d\u00e8s le 3 juin. Trois dates cl\u00e9s sont \u00e0 retenir pour assister \u00e0 des shows de qualit\u00e9s. En quelques ann\u00e9es, HEXAGONE MMA est devenue une ligue r\u00e9f\u00e9rence en Europe. L\u2019organisation fran\u00e7aise met des \u00e9v\u00e9nements en place \u00e0 Paris, en province, mais aussi \u00e0 l\u2019\u00e9tranger avec des shows \u00e0 Duba\u00ef ou &hellip; Hexagone MMA : l\u2019organisation fran\u00e7aise annonce des \u00e9v\u00e8nements de folie pour les mois \u00e0 venir ! Read More \u00bb","og_url":"https:\/\/aml-ci.com\/en\/hexagone-mma-lorganisation-francaise-annonce-des-evenements-de-folie-pour-les-mois-a-venir\/","og_site_name":"African MMA League","article_publisher":"https:\/\/web.facebook.com\/people\/African-MMA-League\/100093224844051\/","article_published_time":"2023-05-22T12:57:43+00:00","article_modified_time":"2023-05-30T16:00:32+00:00","og_image":[{"width":1065,"height":610,"url":"https:\/\/aml-ci.com\/wp-content\/uploads\/2023\/05\/ART6.jpg","type":"image\/jpeg"}],"author":"Ismael fofana","twitter_card":"summary_large_image","twitter_creator":"@aml_cl","twitter_site":"@aml_cl","twitter_misc":{"Written by":"Ismael fofana","Est. reading time":"2 minutes"},"schema":{"@context":"https:\/\/schema.org","@graph":[{"@type":"Article","@id":"https:\/\/aml-ci.com\/en\/hexagone-mma-lorganisation-francaise-annonce-des-evenements-de-folie-pour-les-mois-a-venir\/#article","isPartOf":{"@id":"https:\/\/aml-ci.com\/en\/hexagone-mma-lorganisation-francaise-annonce-des-evenements-de-folie-pour-les-mois-a-venir\/"},"author":{"name":"Ismael fofana","@id":"https:\/\/aml-ci.com\/#\/schema\/person\/460e6d70424b1a6c628435e17370232a"},"headline":"Hexagone MMA : l\u2019organisation fran\u00e7aise annonce des \u00e9v\u00e8nements de folie pour les mois \u00e0 venir !","datePublished":"2023-05-22T12:57:43+00:00","dateModified":"2023-05-30T16:00:32+00:00","mainEntityOfPage":{"@id":"https:\/\/aml-ci.com\/en\/hexagone-mma-lorganisation-francaise-annonce-des-evenements-de-folie-pour-les-mois-a-venir\/"},"wordCount":434,"commentCount":0,"publisher":{"@id":"https:\/\/aml-ci.com\/#organization"},"image":{"@id":"https:\/\/aml-ci.com\/en\/hexagone-mma-lorganisation-francaise-annonce-des-evenements-de-folie-pour-les-mois-a-venir\/#primaryimage"},"thumbnailUrl":"https:\/\/aml-ci.com\/wp-content\/uploads\/2023\/05\/ART6.jpg","articleSection":["Presses"],"inLanguage":"en-US","potentialAction":[{"@type":"CommentAction","name":"Comment","target":["https:\/\/aml-ci.com\/en\/hexagone-mma-lorganisation-francaise-annonce-des-evenements-de-folie-pour-les-mois-a-venir\/#respond"]}]},{"@type":"WebPage","@id":"https:\/\/aml-ci.com\/en\/hexagone-mma-lorganisation-francaise-annonce-des-evenements-de-folie-pour-les-mois-a-venir\/","url":"https:\/\/aml-ci.com\/en\/hexagone-mma-lorganisation-francaise-annonce-des-evenements-de-folie-pour-les-mois-a-venir\/","name":"Hexagone MMA : l\u2019organisation fran\u00e7aise annonce des \u00e9v\u00e8nements de folie pour les mois \u00e0 venir ! - African MMA League","isPartOf":{"@id":"https:\/\/aml-ci.com\/#website"},"primaryImageOfPage":{"@id":"https:\/\/aml-ci.com\/en\/hexagone-mma-lorganisation-francaise-annonce-des-evenements-de-folie-pour-les-mois-a-venir\/#primaryimage"},"image":{"@id":"https:\/\/aml-ci.com\/en\/hexagone-mma-lorganisation-francaise-annonce-des-evenements-de-folie-pour-les-mois-a-venir\/#primaryimage"},"thumbnailUrl":"https:\/\/aml-ci.com\/wp-content\/uploads\/2023\/05\/ART6.jpg","datePublished":"2023-05-22T12:57:43+00:00","dateModified":"2023-05-30T16:00:32+00:00","breadcrumb":{"@id":"https:\/\/aml-ci.com\/en\/hexagone-mma-lorganisation-francaise-annonce-des-evenements-de-folie-pour-les-mois-a-venir\/#breadcrumb"},"inLanguage":"en-US","potentialAction":[{"@type":"ReadAction","target":["https:\/\/aml-ci.com\/en\/hexagone-mma-lorganisation-francaise-annonce-des-evenements-de-folie-pour-les-mois-a-venir\/"]}]},{"@type":"ImageObject","inLanguage":"en-US","@id":"https:\/\/aml-ci.com\/en\/hexagone-mma-lorganisation-francaise-annonce-des-evenements-de-folie-pour-les-mois-a-venir\/#primaryimage","url":"https:\/\/aml-ci.com\/wp-content\/uploads\/2023\/05\/ART6.jpg","contentUrl":"https:\/\/aml-ci.com\/wp-content\/uploads\/2023\/05\/ART6.jpg","width":1065,"height":610},{"@type":"BreadcrumbList","@id":"https:\/\/aml-ci.com\/en\/hexagone-mma-lorganisation-francaise-annonce-des-evenements-de-folie-pour-les-mois-a-venir\/#breadcrumb","itemListElement":[{"@type":"ListItem","position":1,"name":"Home","item":"https:\/\/aml-ci.com\/"},{"@type":"ListItem","position":2,"name":"Hexagone MMA : l\u2019organisation fran\u00e7aise annonce des \u00e9v\u00e8nements de folie pour les mois \u00e0 venir !"}]},{"@type":"WebSite","@id":"https:\/\/aml-ci.com\/#website","url":"https:\/\/aml-ci.com\/","name":"African MMA League","description":"AML","publisher":{"@id":"https:\/\/aml-ci.com\/#organization"},"potentialAction":[{"@type":"SearchAction","target":{"@type":"EntryPoint","urlTemplate":"https:\/\/aml-ci.com\/?s={search_term_string}"},"query-input":{"@type":"PropertyValueSpecification","valueRequired":true,"valueName":"search_term_string"}}],"inLanguage":"en-US"},{"@type":"Organization","@id":"https:\/\/aml-ci.com\/#organization","name":"African MMA League","url":"https:\/\/aml-ci.com\/","logo":{"@type":"ImageObject","inLanguage":"en-US","@id":"https:\/\/aml-ci.com\/#\/schema\/logo\/image\/","url":"https:\/\/aml-ci.com\/wp-content\/uploads\/2023\/01\/African-MMA-League-02-4-2-e1676899237520.png","contentUrl":"https:\/\/aml-ci.com\/wp-content\/uploads\/2023\/01\/African-MMA-League-02-4-2-e1676899237520.png","width":1165,"height":480,"caption":"African MMA League"},"image":{"@id":"https:\/\/aml-ci.com\/#\/schema\/logo\/image\/"},"sameAs":["https:\/\/web.facebook.com\/people\/African-MMA-League\/100093224844051\/","https:\/\/x.com\/aml_cl","https:\/\/www.tiktok.com\/@africanmmaleague","https:\/\/www.youtube.com\/@AfricanMMALeague"]},{"@type":"Person","@id":"https:\/\/aml-ci.com\/#\/schema\/person\/460e6d70424b1a6c628435e17370232a","name":"Ismael fofana","image":{"@type":"ImageObject","inLanguage":"en-US","@id":"https:\/\/secure.gravatar.com\/avatar\/1569b44e1e9c150d626829b2d3f644119140d264756bcd3a430abe11eb5be169?s=96&d=mm&r=g","url":"https:\/\/secure.gravatar.com\/avatar\/1569b44e1e9c150d626829b2d3f644119140d264756bcd3a430abe11eb5be169?s=96&d=mm&r=g","contentUrl":"https:\/\/secure.gravatar.com\/avatar\/1569b44e1e9c150d626829b2d3f644119140d264756bcd3a430abe11eb5be169?s=96&d=mm&r=g","caption":"Ismael fofana"},"url":"https:\/\/aml-ci.com\/en\/author\/corsaire\/"}]}},"_links":{"self":[{"href":"https:\/\/aml-ci.com\/en\/wp-json\/wp\/v2\/posts\/3993","targetHints":{"allow":["GET"]}}],"collection":[{"href":"https:\/\/aml-ci.com\/en\/wp-json\/wp\/v2\/posts"}],"about":[{"href":"https:\/\/aml-ci.com\/en\/wp-json\/wp\/v2\/types\/post"}],"author":[{"embeddable":true,"href":"https:\/\/aml-ci.com\/en\/wp-json\/wp\/v2\/users\/2"}],"replies":[{"embeddable":true,"href":"https:\/\/aml-ci.com\/en\/wp-json\/wp\/v2\/comments?post=3993"}],"version-history":[{"count":9,"href":"https:\/\/aml-ci.com\/en\/wp-json\/wp\/v2\/posts\/3993\/revisions"}],"predecessor-version":[{"id":4211,"href":"https:\/\/aml-ci.com\/en\/wp-json\/wp\/v2\/posts\/3993\/revisions\/4211"}],"wp:featuredmedia":[{"embeddable":true,"href":"https:\/\/aml-ci.com\/en\/wp-json\/wp\/v2\/media\/4203"}],"wp:attachment":[{"href":"https:\/\/aml-ci.com\/en\/wp-json\/wp\/v2\/media?parent=3993"}],"wp:term":[{"taxonomy":"category","embeddable":true,"href":"https:\/\/aml-ci.com\/en\/wp-json\/wp\/v2\/categories?post=3993"},{"taxonomy":"post_tag","embeddable":true,"href":"https:\/\/aml-ci.com\/en\/wp-json\/wp\/v2\/tags?post=3993"}],"curies":[{"name":"wp","href":"https:\/\/api.w.org\/{rel}","templated":true}]}}